{"id":3239,"date":"2025-04-25T06:00:00","date_gmt":"2025-04-25T04:00:00","guid":{"rendered":"https:\/\/levangilealecran.com\/?p=3239"},"modified":"2025-04-24T14:40:10","modified_gmt":"2025-04-24T12:40:10","slug":"2e-dimanche-de-paques-annee-c-25-avril-2025","status":"publish","type":"post","link":"https:\/\/levangilealecran.com\/?p=3239","title":{"rendered":"2e dimanche de P\u00e2ques \u2013 Ann\u00e9e C \u2013 25 avril 2025"},"content":{"rendered":"\n<blockquote class=\"wp-block-quote is-layout-flow wp-block-quote-is-layout-flow\">\n<p class=\"wp-block-paragraph\"><em>\u00ab\u00a0Parce que tu m\u2019as vu, tu crois\u00a0! lui dit J\u00e9sus. Heureux ceux qui croient sans avoir vu.\u00a0\u00bb<\/em><\/p>\n<cite><em>(Jean 20.29)<\/em><\/cite><\/blockquote>\n\n\n\n<figure class=\"wp-block-image size-large is-resized\"><a href=\"https:\/\/levangilealecran.com\/wp-content\/uploads\/2025\/04\/stencil.logo-large-8.png\"><img loading=\"lazy\" decoding=\"async\" width=\"1024\" height=\"1024\" src=\"https:\/\/levangilealecran.com\/wp-content\/uploads\/2025\/04\/stencil.logo-large-8-1024x1024.png\" alt=\"\" class=\"wp-image-3240\" style=\"width:600px\" srcset=\"https:\/\/levangilealecran.com\/wp-content\/uploads\/2025\/04\/stencil.logo-large-8-1024x1024.png 1024w, https:\/\/levangilealecran.com\/wp-content\/uploads\/2025\/04\/stencil.logo-large-8-300x300.png 300w, https:\/\/levangilealecran.com\/wp-content\/uploads\/2025\/04\/stencil.logo-large-8-150x150.png 150w, https:\/\/levangilealecran.com\/wp-content\/uploads\/2025\/04\/stencil.logo-large-8-768x768.png 768w, https:\/\/levangilealecran.com\/wp-content\/uploads\/2025\/04\/stencil.logo-large-8.png 1200w\" sizes=\"auto, (max-width: 1024px) 100vw, 1024px\" \/><\/a><\/figure>\n\n\n\n<p class=\"wp-block-paragraph\">> Mon ami d\u2019\u00e9tudes s\u2019identifiait beaucoup avec le disciple Thomas, puisqu\u2019il luttait r\u00e9guli\u00e8rement avec le doute. Un s\u00e9minaire sur la spiritualit\u00e9 chr\u00e9tienne lui a permis d\u2019approfondir le portrait de ce disciple et d\u2019aller au fond de ses propres questionnements. Par la suite, j\u2019ai perdu de vue mon ami \u00e0 deux reprises pendant des ann\u00e9es, mais l\u2019ai \u00e0 chaque fois retrouv\u00e9, croyant, cheminant avec son Seigneur et son Dieu.<br>Ce qui m\u2019a touch\u00e9 dans son parcours\u00a0: plusieurs fois durant le cours de sa carri\u00e8re m\u00e9dicale, il a consacr\u00e9 un certain temps pour approfondir et renouveler sa r\u00e9flexion chr\u00e9tienne, et ainsi enrichir sa relation avec Dieu.<br>> Thomas savait ce qu\u2019il voulait\u00a0: avoir le m\u00eame privil\u00e8ge que ses co-disciples, voir le Ressuscit\u00e9 et v\u00e9rifier tactilement que c\u2019\u00e9tait bien lui, autrement il ne croirait pas.<br>J\u00e9sus prend la peine de revenir expr\u00e8s pour r\u00e9pondre \u00e0 son besoin, et Thomas le lui rend bien\u00a0: <strong>il n\u2019a pas besoin de toucher J\u00e9sus<\/strong>, et se trouve \u00eatre le premier dans cet \u00c9vangile \u00e0 confesser de mani\u00e8re on ne peut plus claire J\u00e9sus comme faisant partie de l\u2019identit\u00e9 divine (<em>\u00ab\u00a0Mon Seigneur et mon Dieu\u00a0!\u00a0\u00bb<\/em>,Jean 20.28).<br>> Nous arrive-t-il d\u2019avoir des doutes\u00a0? L\u2019auteur de l\u2019\u00c9vangile nous offre son \u0153uvre, reconnue comme parole de Dieu, pour nous aider \u00e0 croire. Et cette parole nous met en relation avec celui qui est la Parole, la lumi\u00e8re et la v\u00e9rit\u00e9. L\u2019accueillir revient \u00e0 entrer dans la vie nouvelle d\u2019enfants de Dieu (Jean 1.1-18).<br>Tout comme J\u00e9sus est venu au secours du d\u00e9fi de foi de Thomas, il vient \u00e0 notre rencontre pour nous fortifier dans notre foi. Dans des moments de doute, sommes-nous seulement pr\u00eats \u00e0 nous arr\u00eater et \u00e0 accueillir\u00a0sa pr\u00e9sence avec nous ? Car c\u2019est le bonheur principal de ceux qui <em>\u00ab\u00a0croient sans voir\u00a0\u00bb<\/em>. Bonne communion\u00a0avec lui\u00a0!<\/p>\n","protected":false},"excerpt":{"rendered":"<p>\u00ab\u00a0Parce que tu m\u2019as vu, tu crois\u00a0! lui dit J\u00e9sus. Heureux ceux qui croient sans avoir vu.\u00a0\u00bb (Jean 20.29) > Mon ami d\u2019\u00e9tudes s\u2019identifiait beaucoup avec le disciple Thomas, puisqu\u2019il luttait r\u00e9guli\u00e8rement avec le doute. Un s\u00e9minaire sur la spiritualit\u00e9 chr\u00e9tienne lui a permis d\u2019approfondir le portrait de ce disciple et d\u2019aller au fond de ses propres questionnements. Par la suite, j\u2019ai perdu de vue mon ami \u00e0 deux reprises pendant des ann\u00e9es, mais l\u2019ai \u00e0 chaque fois retrouv\u00e9, croyant, cheminant avec son Seigneur et son Dieu.Ce qui m\u2019a touch\u00e9 dans son parcours\u00a0: plusieurs fois durant le cours de sa carri\u00e8re m\u00e9dicale, il a consacr\u00e9 un certain temps pour approfondir \u2026 <a class=\"continue-reading-link\" href=\"https:\/\/levangilealecran.com\/?p=3239\"> Continue reading <span class=\"meta-nav\">&rarr; <\/span><\/a><\/p>\n","protected":false},"author":2005,"featured_media":0,"comment_status":"open","ping_status":"open","sticky":false,"template":"","format":"standard","meta":{"footnotes":""},"categories":[4,5,73],"tags":[],"class_list":["post-3239","post","type-post","status-publish","format-standard","hentry","category-dimanche","category-jean","category-paques"],"_links":{"self":[{"href":"https:\/\/levangilealecran.com\/index.php?rest_route=\/wp\/v2\/posts\/3239","targetHints":{"allow":["GET"]}}],"collection":[{"href":"https:\/\/levangilealecran.com\/index.php?rest_route=\/wp\/v2\/posts"}],"about":[{"href":"https:\/\/levangilealecran.com\/index.php?rest_route=\/wp\/v2\/types\/post"}],"author":[{"embeddable":true,"href":"https:\/\/levangilealecran.com\/index.php?rest_route=\/wp\/v2\/users\/2005"}],"replies":[{"embeddable":true,"href":"https:\/\/levangilealecran.com\/index.php?rest_route=%2Fwp%2Fv2%2Fcomments&post=3239"}],"version-history":[{"count":1,"href":"https:\/\/levangilealecran.com\/index.php?rest_route=\/wp\/v2\/posts\/3239\/revisions"}],"predecessor-version":[{"id":3241,"href":"https:\/\/levangilealecran.com\/index.php?rest_route=\/wp\/v2\/posts\/3239\/revisions\/3241"}],"wp:attachment":[{"href":"https:\/\/levangilealecran.com\/index.php?rest_route=%2Fwp%2Fv2%2Fmedia&parent=3239"}],"wp:term":[{"taxonomy":"category","embeddable":true,"href":"https:\/\/levangilealecran.com\/index.php?rest_route=%2Fwp%2Fv2%2Fcategories&post=3239"},{"taxonomy":"post_tag","embeddable":true,"href":"https:\/\/levangilealecran.com\/index.php?rest_route=%2Fwp%2Fv2%2Ftags&post=3239"}],"curies":[{"name":"wp","href":"https:\/\/api.w.org\/{rel}","templated":true}]}}