{"id":3235,"date":"2025-04-19T06:00:00","date_gmt":"2025-04-19T04:00:00","guid":{"rendered":"https:\/\/levangilealecran.com\/?p=3235"},"modified":"2025-04-16T16:40:39","modified_gmt":"2025-04-16T14:40:39","slug":"dimanche-de-paques-20-avril-2025","status":"publish","type":"post","link":"https:\/\/levangilealecran.com\/?p=3235","title":{"rendered":"Dimanche de P\u00e2ques &#8211; 20 avril 2025"},"content":{"rendered":"\n<blockquote class=\"wp-block-quote is-layout-flow wp-block-quote-is-layout-flow\">\n<p class=\"wp-block-paragraph\">C\u2019est alors qu\u2019entra l\u2019autre disciple, lui qui \u00e9tait arriv\u00e9 le premier au tombeau. Il vit, et il crut. (Jean 20,8)<\/p>\n<\/blockquote>\n\n\n\n<figure class=\"wp-block-image size-large\"><a href=\"https:\/\/levangilealecran.com\/wp-content\/uploads\/2025\/04\/EALE-Jn-20-8-20-avril-2025-publication-le-18.jpg\"><img loading=\"lazy\" decoding=\"async\" width=\"1024\" height=\"717\" src=\"https:\/\/levangilealecran.com\/wp-content\/uploads\/2025\/04\/EALE-Jn-20-8-20-avril-2025-publication-le-18-1024x717.jpg\" alt=\"\" class=\"wp-image-3236\" srcset=\"https:\/\/levangilealecran.com\/wp-content\/uploads\/2025\/04\/EALE-Jn-20-8-20-avril-2025-publication-le-18-1024x717.jpg 1024w, https:\/\/levangilealecran.com\/wp-content\/uploads\/2025\/04\/EALE-Jn-20-8-20-avril-2025-publication-le-18-300x210.jpg 300w, https:\/\/levangilealecran.com\/wp-content\/uploads\/2025\/04\/EALE-Jn-20-8-20-avril-2025-publication-le-18-768x538.jpg 768w, https:\/\/levangilealecran.com\/wp-content\/uploads\/2025\/04\/EALE-Jn-20-8-20-avril-2025-publication-le-18-150x105.jpg 150w, https:\/\/levangilealecran.com\/wp-content\/uploads\/2025\/04\/EALE-Jn-20-8-20-avril-2025-publication-le-18-214x150.jpg 214w, https:\/\/levangilealecran.com\/wp-content\/uploads\/2025\/04\/EALE-Jn-20-8-20-avril-2025-publication-le-18.jpg 1149w\" sizes=\"auto, (max-width: 1024px) 100vw, 1024px\" \/><\/a><\/figure>\n\n\n\n<p class=\"wp-block-paragraph\">&gt; Celui que l\u2019Evangile de Jean nomme \u00ab&nbsp;l\u2019autre disciple&nbsp;\u00bb ou \u00ab&nbsp;le disciple que J\u00e9sus aimait&nbsp;\u00bb a longtemps \u00e9t\u00e9 identifi\u00e9 \u00e0 Jean lui-m\u00eame. Aujourd\u2019hui, de nombreuses voix se font entendre, portant une tout autre th\u00e9orie \u2013 bien plus compatible avec le texte&nbsp;: ce myst\u00e9rieux disciple jamais nomm\u00e9, c\u2019est toute personne qui lit cet Evangile et qui entend suivre le Christ, se faire son disciple, bien-aim\u00e9 de J\u00e9sus. Quand on relit l\u2019Evangile de Jean \u00e0 la lumi\u00e8re de cette th\u00e9orie, cela change beaucoup de choses. &nbsp;<\/p>\n\n\n\n<p class=\"wp-block-paragraph\">&gt; Qu\u2019ai-je \u00e0 voir pour croire&nbsp;? Et, pr\u00e9alablement, dans quel tombeau dois-je entrer&nbsp;? Qu\u2019est-ce qui doit mourir en moi pour que j\u2019y voie la pr\u00e9sence du ressuscit\u00e9 et que je croie en lui&nbsp;?<\/p>\n\n\n\n<p class=\"wp-block-paragraph\">&gt; Que cette f\u00eate de P\u00e2ques vous soit joyeuse, Chers Amis de l\u2019Evangile \u00e0 l\u2019Ecran&nbsp;! Que le Ressuscit\u00e9 vous aide \u00e0 visiter, en vous, les tombeaux qui doivent l\u2019\u00eatre et \u00e0 y voir ce qui vous aidera toujours plus \u00e0 croire&nbsp;! Christ est ressuscit\u00e9&nbsp;!<\/p>\n","protected":false},"excerpt":{"rendered":"<p>C\u2019est alors qu\u2019entra l\u2019autre disciple, lui qui \u00e9tait arriv\u00e9 le premier au tombeau. Il vit, et il crut. (Jean 20,8) &gt; Celui que l\u2019Evangile de Jean nomme \u00ab&nbsp;l\u2019autre disciple&nbsp;\u00bb ou \u00ab&nbsp;le disciple que J\u00e9sus aimait&nbsp;\u00bb a longtemps \u00e9t\u00e9 identifi\u00e9 \u00e0 Jean lui-m\u00eame. Aujourd\u2019hui, de nombreuses voix se font entendre, portant une tout autre th\u00e9orie \u2013 bien plus compatible avec le texte&nbsp;: ce myst\u00e9rieux disciple jamais nomm\u00e9, c\u2019est toute personne qui lit cet Evangile et qui entend suivre le Christ, se faire son disciple, bien-aim\u00e9 de J\u00e9sus. Quand on relit l\u2019Evangile de Jean \u00e0 la lumi\u00e8re de cette th\u00e9orie, cela change beaucoup de choses. &nbsp; &gt; Qu\u2019ai-je \u00e0 voir pour croire&nbsp;? \u2026 <a class=\"continue-reading-link\" href=\"https:\/\/levangilealecran.com\/?p=3235\"> Continue reading <span class=\"meta-nav\">&rarr; <\/span><\/a><\/p>\n","protected":false},"author":1,"featured_media":0,"comment_status":"open","ping_status":"open","sticky":false,"template":"","format":"standard","meta":{"footnotes":""},"categories":[24,73],"tags":[969,76,430,434],"class_list":["post-3235","post","type-post","status-publish","format-standard","hentry","category-fetes","category-paques","tag-disciple-bien-aime","tag-foi","tag-jean","tag-paques"],"_links":{"self":[{"href":"https:\/\/levangilealecran.com\/index.php?rest_route=\/wp\/v2\/posts\/3235","targetHints":{"allow":["GET"]}}],"collection":[{"href":"https:\/\/levangilealecran.com\/index.php?rest_route=\/wp\/v2\/posts"}],"about":[{"href":"https:\/\/levangilealecran.com\/index.php?rest_route=\/wp\/v2\/types\/post"}],"author":[{"embeddable":true,"href":"https:\/\/levangilealecran.com\/index.php?rest_route=\/wp\/v2\/users\/1"}],"replies":[{"embeddable":true,"href":"https:\/\/levangilealecran.com\/index.php?rest_route=%2Fwp%2Fv2%2Fcomments&post=3235"}],"version-history":[{"count":1,"href":"https:\/\/levangilealecran.com\/index.php?rest_route=\/wp\/v2\/posts\/3235\/revisions"}],"predecessor-version":[{"id":3237,"href":"https:\/\/levangilealecran.com\/index.php?rest_route=\/wp\/v2\/posts\/3235\/revisions\/3237"}],"wp:attachment":[{"href":"https:\/\/levangilealecran.com\/index.php?rest_route=%2Fwp%2Fv2%2Fmedia&parent=3235"}],"wp:term":[{"taxonomy":"category","embeddable":true,"href":"https:\/\/levangilealecran.com\/index.php?rest_route=%2Fwp%2Fv2%2Fcategories&post=3235"},{"taxonomy":"post_tag","embeddable":true,"href":"https:\/\/levangilealecran.com\/index.php?rest_route=%2Fwp%2Fv2%2Ftags&post=3235"}],"curies":[{"name":"wp","href":"https:\/\/api.w.org\/{rel}","templated":true}]}}