{"id":3230,"date":"2025-04-11T06:00:00","date_gmt":"2025-04-11T04:00:00","guid":{"rendered":"https:\/\/levangilealecran.com\/?p=3230"},"modified":"2025-04-03T17:17:56","modified_gmt":"2025-04-03T15:17:56","slug":"dimanche-des-rameaux-et-de-la-passion-c-13-avril-2025","status":"publish","type":"post","link":"https:\/\/levangilealecran.com\/?p=3230","title":{"rendered":"Dimanche des Rameaux et de la Passion &#8211; C \u2013 13 avril 2025"},"content":{"rendered":"\n<blockquote class=\"wp-block-quote is-layout-flow wp-block-quote-is-layout-flow\">\n<p class=\"wp-block-paragraph\">\u00ab B\u00e9ni soit celui qui vient, le Roi, au nom du Seigneur \u00bb.<\/p>\n<cite>(Luc 19,38)<\/cite><\/blockquote>\n\n\n\n<figure class=\"wp-block-image size-large is-resized\"><a href=\"https:\/\/levangilealecran.com\/wp-content\/uploads\/2025\/04\/stencil.logo-large-15.png\"><img loading=\"lazy\" decoding=\"async\" width=\"1024\" height=\"1024\" src=\"https:\/\/levangilealecran.com\/wp-content\/uploads\/2025\/04\/stencil.logo-large-15-1024x1024.png\" alt=\"\" class=\"wp-image-3231\" style=\"width:600px\" srcset=\"https:\/\/levangilealecran.com\/wp-content\/uploads\/2025\/04\/stencil.logo-large-15-1024x1024.png 1024w, https:\/\/levangilealecran.com\/wp-content\/uploads\/2025\/04\/stencil.logo-large-15-300x300.png 300w, https:\/\/levangilealecran.com\/wp-content\/uploads\/2025\/04\/stencil.logo-large-15-150x150.png 150w, https:\/\/levangilealecran.com\/wp-content\/uploads\/2025\/04\/stencil.logo-large-15-768x768.png 768w, https:\/\/levangilealecran.com\/wp-content\/uploads\/2025\/04\/stencil.logo-large-15.png 1200w\" sizes=\"auto, (max-width: 1024px) 100vw, 1024px\" \/><\/a><\/figure>\n\n\n\n<p class=\"wp-block-paragraph\">> Oui, il est le B\u00e9ni par excellence, celui qui suscite une telle liesse \u00e0 son passage, joie pourtant \u00e9ph\u00e9m\u00e8re. Les disciples qui acclament J\u00e9sus pour ses miracles ne se doutent pas que dans tr\u00e8s peu de jours, une foule ameut\u00e9e, celle-l\u00e0, criera : \u00ab Crucifie-le ! \u00bb<br>Comment vont-ils se positionner alors ? Parmi ses ap\u00f4tres, l\u2019un le livrera, l\u2019autre le reniera, beaucoup s\u2019enfuiront. II leur faudra traverser la nuit totale et s\u2019enfermer dans la peur avant de recevoir la Force d\u2019en-haut promise par J\u00e9sus et oser t\u00e9moigner au grand jour.<br>> En entrant dans la Semaine Sainte, nous autres, baptis\u00e9s, confirm\u00e9s, renouvelons notre d\u00e9termination \u00e0 suivre le Christ, \u00e0 \u00eatre \u201cde Lui\u201c, malgr\u00e9 le risque d\u2019\u00eatre tenus pour des na\u00effs un peu retard\u00e9s ; faisons-nous proches de nos fr\u00e8res et s\u0153urs qui subissent une r\u00e9elle pers\u00e9cution parce qu\u2019ils n\u2019adorent pas leurs leaders ivres de pouvoir, mais leur Seigneur crucifi\u00e9.<\/p>\n","protected":false},"excerpt":{"rendered":"<p>\u00ab B\u00e9ni soit celui qui vient, le Roi, au nom du Seigneur \u00bb. (Luc 19,38) > Oui, il est le B\u00e9ni par excellence, celui qui suscite une telle liesse \u00e0 son passage, joie pourtant \u00e9ph\u00e9m\u00e8re. Les disciples qui acclament J\u00e9sus pour ses miracles ne se doutent pas que dans tr\u00e8s peu de jours, une foule ameut\u00e9e, celle-l\u00e0, criera : \u00ab Crucifie-le ! \u00bbComment vont-ils se positionner alors ? Parmi ses ap\u00f4tres, l\u2019un le livrera, l\u2019autre le reniera, beaucoup s\u2019enfuiront. II leur faudra traverser la nuit totale et s\u2019enfermer dans la peur avant de recevoir la Force d\u2019en-haut promise par J\u00e9sus et oser t\u00e9moigner au grand jour.> En entrant dans la \u2026 <a class=\"continue-reading-link\" href=\"https:\/\/levangilealecran.com\/?p=3230\"> Continue reading <span class=\"meta-nav\">&rarr; <\/span><\/a><\/p>\n","protected":false},"author":2005,"featured_media":0,"comment_status":"open","ping_status":"open","sticky":false,"template":"","format":"standard","meta":{"footnotes":""},"categories":[44,4,24,6,73],"tags":[],"class_list":["post-3230","post","type-post","status-publish","format-standard","hentry","category-careme","category-dimanche","category-fetes","category-luc","category-paques"],"_links":{"self":[{"href":"https:\/\/levangilealecran.com\/index.php?rest_route=\/wp\/v2\/posts\/3230","targetHints":{"allow":["GET"]}}],"collection":[{"href":"https:\/\/levangilealecran.com\/index.php?rest_route=\/wp\/v2\/posts"}],"about":[{"href":"https:\/\/levangilealecran.com\/index.php?rest_route=\/wp\/v2\/types\/post"}],"author":[{"embeddable":true,"href":"https:\/\/levangilealecran.com\/index.php?rest_route=\/wp\/v2\/users\/2005"}],"replies":[{"embeddable":true,"href":"https:\/\/levangilealecran.com\/index.php?rest_route=%2Fwp%2Fv2%2Fcomments&post=3230"}],"version-history":[{"count":1,"href":"https:\/\/levangilealecran.com\/index.php?rest_route=\/wp\/v2\/posts\/3230\/revisions"}],"predecessor-version":[{"id":3232,"href":"https:\/\/levangilealecran.com\/index.php?rest_route=\/wp\/v2\/posts\/3230\/revisions\/3232"}],"wp:attachment":[{"href":"https:\/\/levangilealecran.com\/index.php?rest_route=%2Fwp%2Fv2%2Fmedia&parent=3230"}],"wp:term":[{"taxonomy":"category","embeddable":true,"href":"https:\/\/levangilealecran.com\/index.php?rest_route=%2Fwp%2Fv2%2Fcategories&post=3230"},{"taxonomy":"post_tag","embeddable":true,"href":"https:\/\/levangilealecran.com\/index.php?rest_route=%2Fwp%2Fv2%2Ftags&post=3230"}],"curies":[{"name":"wp","href":"https:\/\/api.w.org\/{rel}","templated":true}]}}