{"id":3223,"date":"2025-03-28T06:00:00","date_gmt":"2025-03-28T05:00:00","guid":{"rendered":"https:\/\/levangilealecran.com\/?p=3223"},"modified":"2025-03-27T16:43:20","modified_gmt":"2025-03-27T15:43:20","slug":"4e-dimanche-de-careme-c-30-mars-2025","status":"publish","type":"post","link":"https:\/\/levangilealecran.com\/?p=3223","title":{"rendered":"4e dimanche de Car\u00eame \u2013 C \u2013 30 mars 2025"},"content":{"rendered":"\n<blockquote class=\"wp-block-quote is-layout-flow wp-block-quote-is-layout-flow\">\n<p class=\"wp-block-paragraph\">\u00ab Il entra en lui-m\u00eame \u00bb<\/p>\n<cite>(Luc 15,17)<\/cite><\/blockquote>\n\n\n\n<figure class=\"wp-block-image size-large is-resized\"><a href=\"https:\/\/levangilealecran.com\/wp-content\/uploads\/2025\/03\/stencil.logo-large-14.png\"><img loading=\"lazy\" decoding=\"async\" width=\"1024\" height=\"1024\" src=\"https:\/\/levangilealecran.com\/wp-content\/uploads\/2025\/03\/stencil.logo-large-14-1024x1024.png\" alt=\"\" class=\"wp-image-3224\" style=\"width:600px\" srcset=\"https:\/\/levangilealecran.com\/wp-content\/uploads\/2025\/03\/stencil.logo-large-14-1024x1024.png 1024w, https:\/\/levangilealecran.com\/wp-content\/uploads\/2025\/03\/stencil.logo-large-14-300x300.png 300w, https:\/\/levangilealecran.com\/wp-content\/uploads\/2025\/03\/stencil.logo-large-14-150x150.png 150w, https:\/\/levangilealecran.com\/wp-content\/uploads\/2025\/03\/stencil.logo-large-14-768x768.png 768w, https:\/\/levangilealecran.com\/wp-content\/uploads\/2025\/03\/stencil.logo-large-14.png 1200w\" sizes=\"auto, (max-width: 1024px) 100vw, 1024px\" \/><\/a><\/figure>\n\n\n\n<p class=\"wp-block-paragraph\">> Franchement, ma premi\u00e8re r\u00e9action en lisant l\u2019\u00c9vangile de ce dimanche, \u00e7a a \u00e9t\u00e9 : <em>\u00ab Oh non ! Pas encore le fils prodigue ! \u00bb<\/em> Ce texte, on le conna\u00eet trop bien. On l\u2019a retourn\u00e9 dans tous les sens : l\u2019accueil du P\u00e8re, la repentance du fils cadet, la jalousie du fils a\u00een\u00e9\u2026 et pourtant, il y a comme une g\u00eane \u00e0 le relire encore. Peut-\u00eatre parce que, dans notre monde d\u2019aujourd\u2019hui, les divisions ne se vivent pas tant entre ceux qui sont <em>dehors<\/em> et ceux qui sont <em>dedans<\/em>, mais bien \u00e0 l\u2019int\u00e9rieur de la maison, entre fr\u00e8res. Le fils a\u00een\u00e9, c\u2019est celui qui est rest\u00e9, fid\u00e8le, engag\u00e9. Il conna\u00eet les r\u00e8gles, il sert. Il pourrait \u00eatre cette \u00c9glise attach\u00e9e \u00e0 ses rep\u00e8res, \u00ab <em>fid\u00e8le \u00e0 ce qu\u2019elle a toujours connu<\/em> \u00bb, enracin\u00e9e, voire m\u00e9fiante envers les \u00e9lans nouveaux. Il ne s\u2019oppose pas \u00e0 son fr\u00e8re en tant qu\u2019\u00e9tranger, mais en tant que fr\u00e8re revenu. Et c\u2019est l\u00e0 que \u00e7a coince : il ne le reconna\u00eet plus comme tel. Il dit \u00e0 son p\u00e8re : \u00ab <em>ton fils que voil\u00e0<\/em> \u00bb, comme s\u2019il n\u2019en faisait plus partie.<br><br>> Et si cette parabole n\u2019\u00e9tait pas tant un appel \u00e0 \u00ab revenir \u00e0 Dieu \u00bb qu\u2019un appel \u00e0 rentrer dans la joie de l\u2019autre, m\u00eame quand elle nous d\u00e9range ? Et si notre plus grand combat spirituel n\u2019\u00e9tait pas de convertir les autres, mais de rester dans la maison du P\u00e8re sans devenir amer ? Aujourd\u2019hui, les tensions dans l\u2019\u00c9glise nous traversent aussi : progressistes, traditionnels, charismatiques, militants\u2026 on se regarde parfois de loin, avec jugement ou ironie. Mais le P\u00e8re, lui, sort vers chacun. Il supplie : entre. Entre dans la f\u00eate. R\u00e9jouis-toi de l\u2019autre. Peut-\u00eatre que le premier pas, avant d\u2019entrer dans la maison, c\u2019est <em>d\u2019entrer en soi-m\u00eame <\/em>\u2014 comme l\u2019a fait le plus jeune fils. C\u2019est l\u00e0, dans ce lieu int\u00e9rieur, que commence le retour vers Dieu. Alors cette semaine, que le Seigneur nous donne de retrouver nos fr\u00e8res et s\u0153urs l\u00e0 o\u00f9 ils sont. Et que la f\u00eate ne nous laisse pas dehors. Amen.<\/p>\n","protected":false},"excerpt":{"rendered":"<p>\u00ab Il entra en lui-m\u00eame \u00bb (Luc 15,17) > Franchement, ma premi\u00e8re r\u00e9action en lisant l\u2019\u00c9vangile de ce dimanche, \u00e7a a \u00e9t\u00e9 : \u00ab Oh non ! Pas encore le fils prodigue ! \u00bb Ce texte, on le conna\u00eet trop bien. On l\u2019a retourn\u00e9 dans tous les sens : l\u2019accueil du P\u00e8re, la repentance du fils cadet, la jalousie du fils a\u00een\u00e9\u2026 et pourtant, il y a comme une g\u00eane \u00e0 le relire encore. Peut-\u00eatre parce que, dans notre monde d\u2019aujourd\u2019hui, les divisions ne se vivent pas tant entre ceux qui sont dehors et ceux qui sont dedans, mais bien \u00e0 l\u2019int\u00e9rieur de la maison, entre fr\u00e8res. Le fils a\u00een\u00e9, \u2026 <a class=\"continue-reading-link\" href=\"https:\/\/levangilealecran.com\/?p=3223\"> Continue reading <span class=\"meta-nav\">&rarr; <\/span><\/a><\/p>\n","protected":false},"author":2005,"featured_media":0,"comment_status":"open","ping_status":"open","sticky":false,"template":"","format":"standard","meta":{"footnotes":""},"categories":[1],"tags":[],"class_list":["post-3223","post","type-post","status-publish","format-standard","hentry","category-sanscategorie"],"_links":{"self":[{"href":"https:\/\/levangilealecran.com\/index.php?rest_route=\/wp\/v2\/posts\/3223","targetHints":{"allow":["GET"]}}],"collection":[{"href":"https:\/\/levangilealecran.com\/index.php?rest_route=\/wp\/v2\/posts"}],"about":[{"href":"https:\/\/levangilealecran.com\/index.php?rest_route=\/wp\/v2\/types\/post"}],"author":[{"embeddable":true,"href":"https:\/\/levangilealecran.com\/index.php?rest_route=\/wp\/v2\/users\/2005"}],"replies":[{"embeddable":true,"href":"https:\/\/levangilealecran.com\/index.php?rest_route=%2Fwp%2Fv2%2Fcomments&post=3223"}],"version-history":[{"count":1,"href":"https:\/\/levangilealecran.com\/index.php?rest_route=\/wp\/v2\/posts\/3223\/revisions"}],"predecessor-version":[{"id":3225,"href":"https:\/\/levangilealecran.com\/index.php?rest_route=\/wp\/v2\/posts\/3223\/revisions\/3225"}],"wp:attachment":[{"href":"https:\/\/levangilealecran.com\/index.php?rest_route=%2Fwp%2Fv2%2Fmedia&parent=3223"}],"wp:term":[{"taxonomy":"category","embeddable":true,"href":"https:\/\/levangilealecran.com\/index.php?rest_route=%2Fwp%2Fv2%2Fcategories&post=3223"},{"taxonomy":"post_tag","embeddable":true,"href":"https:\/\/levangilealecran.com\/index.php?rest_route=%2Fwp%2Fv2%2Ftags&post=3223"}],"curies":[{"name":"wp","href":"https:\/\/api.w.org\/{rel}","templated":true}]}}