{"id":3216,"date":"2025-03-14T06:00:00","date_gmt":"2025-03-14T05:00:00","guid":{"rendered":"https:\/\/levangilealecran.com\/?p=3216"},"modified":"2025-03-12T21:13:44","modified_gmt":"2025-03-12T20:13:44","slug":"2e-dimanche-de-careme-c-16-mars-2025","status":"publish","type":"post","link":"https:\/\/levangilealecran.com\/?p=3216","title":{"rendered":"2e dimanche de Car\u00eame &#8211; C &#8211; 16 mars 2025"},"content":{"rendered":"\n<blockquote class=\"wp-block-quote is-layout-flow wp-block-quote-is-layout-flow\">\n<p class=\"wp-block-paragraph\">Et, de la nu\u00e9e, une voix se fit entendre\u00a0: \u00ab\u00a0Celui-ci est mon Fils, celui que j\u2019ai choisi\u00a0: \u00e9coutez-le\u00a0!\u00a0\u00bb (Luc 9,35)<\/p>\n<cite>(Luc 9,35)<\/cite><\/blockquote>\n\n\n\n<figure class=\"wp-block-image size-full is-resized\"><a href=\"https:\/\/levangilealecran.com\/wp-content\/uploads\/2025\/03\/listening-3079065_1280.jpg\"><img loading=\"lazy\" decoding=\"async\" width=\"1280\" height=\"854\" src=\"https:\/\/levangilealecran.com\/wp-content\/uploads\/2025\/03\/listening-3079065_1280.jpg\" alt=\"\" class=\"wp-image-3217\" style=\"width:600px\" srcset=\"https:\/\/levangilealecran.com\/wp-content\/uploads\/2025\/03\/listening-3079065_1280.jpg 1280w, https:\/\/levangilealecran.com\/wp-content\/uploads\/2025\/03\/listening-3079065_1280-300x200.jpg 300w, https:\/\/levangilealecran.com\/wp-content\/uploads\/2025\/03\/listening-3079065_1280-1024x683.jpg 1024w, https:\/\/levangilealecran.com\/wp-content\/uploads\/2025\/03\/listening-3079065_1280-768x512.jpg 768w, https:\/\/levangilealecran.com\/wp-content\/uploads\/2025\/03\/listening-3079065_1280-150x100.jpg 150w, https:\/\/levangilealecran.com\/wp-content\/uploads\/2025\/03\/listening-3079065_1280-225x150.jpg 225w\" sizes=\"auto, (max-width: 1280px) 100vw, 1280px\" \/><\/a><\/figure>\n\n\n\n<p class=\"wp-block-paragraph\">&gt; Nous avons tous, peu ou prou, une autre phrase en t\u00eate&nbsp;: \u00ab&nbsp;Celui-ci est mon Fils bien-aim\u00e9\u2026&nbsp;\u00bb, phrase que les deux autres \u00e9vangiles synoptiques font dire au P\u00e8re dans la nu\u00e9e. Luc est le seul \u00e0 parler de \u00ab&nbsp;Fils que j\u2019ai choisi&nbsp;\u00bb (en r\u00e9alit\u00e9 de \u00ab&nbsp;Fils \u00e9lu&nbsp;\u00bb si l\u2019on s\u2019en tient au grec). Au sortir d\u2019une semaine d\u2019\u00e9lection au plus haut niveau du pays, en Suisse, reconnaissons que le vocabulaire de l\u2019&nbsp;\u00ab&nbsp;\u00e9lu&nbsp;\u00bb n\u2019est pas forc\u00e9ment notre tasse de th\u00e9. Celui du \u00ab&nbsp;peuple \u00e9lu&nbsp;\u00bb autant que celui de \u00ab&nbsp;l\u2019\u00e9lu providentiel&nbsp;\u00bb d\u2019ailleurs.<\/p>\n\n\n\n<p class=\"wp-block-paragraph\">&gt; La fine pointe de la compr\u00e9hension se trouve dans les deux points qui s\u00e9parent \u00ab&nbsp;que j\u2019ai choisi&nbsp;\u00bb et \u00ab&nbsp;\u00e9coutez-le&nbsp;\u00bb. C\u2019est parce que le P\u00e8re l\u2019a choisi qu\u2019il nous faut \u00e9couter et suivre le Fils, assur\u00e9ment. Le regard est \u00e0 porter davantage sur \u00ab&nbsp;\u00e9coutez-le&nbsp;\u00bb que sur l\u2019\u00e9lection.<\/p>\n\n\n\n<p class=\"wp-block-paragraph\">&gt; En ce temps de Car\u00eame, relisons les paroles du Christ \u00e0 travers les Evangiles et essayons de l\u2019\u00e9couter non seulement avec les oreilles mais surtout avec le c\u0153ur.<\/p>\n","protected":false},"excerpt":{"rendered":"<p>La fine pointe de la compr\u00e9hension se trouve dans les deux points qui s\u00e9parent \u00ab\u00a0que j\u2019ai choisi\u00a0\u00bb et \u00ab\u00a0\u00e9coutez-le\u00a0\u00bb. C\u2019est parce que le P\u00e8re l\u2019a choisi qu\u2019il nous faut \u00e9couter et suivre le Fils, assur\u00e9ment. Le regard est \u00e0 porter davantage sur \u00ab\u00a0\u00e9coutez-le\u00a0\u00bb que sur l\u2019\u00e9lection. <a class=\"continue-reading-link\" href=\"https:\/\/levangilealecran.com\/?p=3216\"> Continue reading <span class=\"meta-nav\">&rarr; <\/span><\/a><\/p>\n","protected":false},"author":1,"featured_media":3217,"comment_status":"open","ping_status":"open","sticky":false,"template":"","format":"standard","meta":{"footnotes":""},"categories":[44,6],"tags":[47,923,780,431],"class_list":["post-3216","post","type-post","status-publish","format-standard","has-post-thumbnail","hentry","category-careme","category-luc","tag-careme-2","tag-ecoute-2","tag-fils","tag-luc"],"_links":{"self":[{"href":"https:\/\/levangilealecran.com\/index.php?rest_route=\/wp\/v2\/posts\/3216","targetHints":{"allow":["GET"]}}],"collection":[{"href":"https:\/\/levangilealecran.com\/index.php?rest_route=\/wp\/v2\/posts"}],"about":[{"href":"https:\/\/levangilealecran.com\/index.php?rest_route=\/wp\/v2\/types\/post"}],"author":[{"embeddable":true,"href":"https:\/\/levangilealecran.com\/index.php?rest_route=\/wp\/v2\/users\/1"}],"replies":[{"embeddable":true,"href":"https:\/\/levangilealecran.com\/index.php?rest_route=%2Fwp%2Fv2%2Fcomments&post=3216"}],"version-history":[{"count":1,"href":"https:\/\/levangilealecran.com\/index.php?rest_route=\/wp\/v2\/posts\/3216\/revisions"}],"predecessor-version":[{"id":3218,"href":"https:\/\/levangilealecran.com\/index.php?rest_route=\/wp\/v2\/posts\/3216\/revisions\/3218"}],"wp:featuredmedia":[{"embeddable":true,"href":"https:\/\/levangilealecran.com\/index.php?rest_route=\/wp\/v2\/media\/3217"}],"wp:attachment":[{"href":"https:\/\/levangilealecran.com\/index.php?rest_route=%2Fwp%2Fv2%2Fmedia&parent=3216"}],"wp:term":[{"taxonomy":"category","embeddable":true,"href":"https:\/\/levangilealecran.com\/index.php?rest_route=%2Fwp%2Fv2%2Fcategories&post=3216"},{"taxonomy":"post_tag","embeddable":true,"href":"https:\/\/levangilealecran.com\/index.php?rest_route=%2Fwp%2Fv2%2Ftags&post=3216"}],"curies":[{"name":"wp","href":"https:\/\/api.w.org\/{rel}","templated":true}]}}