{"id":3208,"date":"2025-02-28T06:00:00","date_gmt":"2025-02-28T05:00:00","guid":{"rendered":"https:\/\/levangilealecran.com\/?p=3208"},"modified":"2025-02-27T11:45:23","modified_gmt":"2025-02-27T10:45:23","slug":"8e-dimanche-du-temps-ordinaire-annee-c-2-mars-2025","status":"publish","type":"post","link":"https:\/\/levangilealecran.com\/?p=3208","title":{"rendered":"8e Dimanche du Temps Ordinaire \u2013 Ann\u00e9e C \u2013 2 mars 2025"},"content":{"rendered":"\n<blockquote class=\"wp-block-quote is-layout-flow wp-block-quote-is-layout-flow\">\n<p class=\"wp-block-paragraph\">\u00ab <em>Ce qu&rsquo;on dit vient de ce qui remplit le c\u0153ur.<\/em> \u00bb<\/p>\n<cite>(Luc 6,45)<\/cite><\/blockquote>\n\n\n\n<figure class=\"wp-block-image size-large is-resized\"><a href=\"https:\/\/levangilealecran.com\/wp-content\/uploads\/2025\/02\/1000074698.jpg\"><img loading=\"lazy\" decoding=\"async\" width=\"1024\" height=\"688\" src=\"https:\/\/levangilealecran.com\/wp-content\/uploads\/2025\/02\/1000074698-1024x688.jpg\" alt=\"\" class=\"wp-image-3209\" style=\"width:600px\" srcset=\"https:\/\/levangilealecran.com\/wp-content\/uploads\/2025\/02\/1000074698-1024x688.jpg 1024w, https:\/\/levangilealecran.com\/wp-content\/uploads\/2025\/02\/1000074698-300x201.jpg 300w, https:\/\/levangilealecran.com\/wp-content\/uploads\/2025\/02\/1000074698-768x516.jpg 768w, https:\/\/levangilealecran.com\/wp-content\/uploads\/2025\/02\/1000074698-150x101.jpg 150w, https:\/\/levangilealecran.com\/wp-content\/uploads\/2025\/02\/1000074698-223x150.jpg 223w, https:\/\/levangilealecran.com\/wp-content\/uploads\/2025\/02\/1000074698.jpg 1203w\" sizes=\"auto, (max-width: 1024px) 100vw, 1024px\" \/><\/a><\/figure>\n\n\n\n<p class=\"wp-block-paragraph\">> <strong>Nos paroles !<\/strong> Que r\u00e9v\u00e8lent-elles de nos intentions, de nos travers et de nos mouvements les plus secrets ? Osons-nous tout dire ? Quels sont nos filtres ? De quoi parlons-nous et avec qui ? Comm\u00e9rages, persiflage, m\u00e9disance ou compliments sinc\u00e8res, paroles bienveillantes\u2026 qu&rsquo;est-ce qui affleure \u00e0 mes l\u00e8vres ?<br>> Il n&rsquo;est pas anodin que ce passage suive imm\u00e9diatement celui qui nous met en garde contre l&rsquo;aveuglement qui nous pousse \u00e0 voir la paille dans l&rsquo;\u0153il de notre fr\u00e8re sans remarquer la poutre dans le n\u00f4tre. En effet, bien souvent, c&rsquo;est de nos propres failles que na\u00eet la parole critique qui blesse. J\u00e9sus nous invite ainsi \u00e0 veiller sur nos paroles, car elles sont le reflet de notre c\u0153ur.<br>>Cette semaine, prenons le temps d\u2019examiner ce qui remplit notre c\u0153ur et influence notre langage. Cultivons des paroles qui \u00e9l\u00e8vent, encouragent et t\u00e9moignent de la lumi\u00e8re du Christ en nous. Que nos mots soient le fruit d&rsquo;un arbre solidement enracin\u00e9 en Lui !<\/p>\n\n\n\n<p class=\"wp-block-paragraph\"><em><strong>Seigneur, veille sur la porte de mes l\u00e8vres.<\/strong><br>Donne-moi de choisir les bons mots et la bonne intonation.<br>Fais de mes paroles un reflet de Ta bont\u00e9. <strong>Amen.<\/strong><\/em><\/p>\n","protected":false},"excerpt":{"rendered":"<p>\u00ab Ce qu&rsquo;on dit vient de ce qui remplit le c\u0153ur. \u00bb (Luc 6,45) > Nos paroles ! Que r\u00e9v\u00e8lent-elles de nos intentions, de nos travers et de nos mouvements les plus secrets ? Osons-nous tout dire ? Quels sont nos filtres ? De quoi parlons-nous et avec qui ? Comm\u00e9rages, persiflage, m\u00e9disance ou compliments sinc\u00e8res, paroles bienveillantes\u2026 qu&rsquo;est-ce qui affleure \u00e0 mes l\u00e8vres ?> Il n&rsquo;est pas anodin que ce passage suive imm\u00e9diatement celui qui nous met en garde contre l&rsquo;aveuglement qui nous pousse \u00e0 voir la paille dans l&rsquo;\u0153il de notre fr\u00e8re sans remarquer la poutre dans le n\u00f4tre. En effet, bien souvent, c&rsquo;est de nos propres failles \u2026 <a class=\"continue-reading-link\" href=\"https:\/\/levangilealecran.com\/?p=3208\"> Continue reading <span class=\"meta-nav\">&rarr; <\/span><\/a><\/p>\n","protected":false},"author":2005,"featured_media":0,"comment_status":"open","ping_status":"open","sticky":false,"template":"","format":"standard","meta":{"footnotes":""},"categories":[4,6],"tags":[],"class_list":["post-3208","post","type-post","status-publish","format-standard","hentry","category-dimanche","category-luc"],"_links":{"self":[{"href":"https:\/\/levangilealecran.com\/index.php?rest_route=\/wp\/v2\/posts\/3208","targetHints":{"allow":["GET"]}}],"collection":[{"href":"https:\/\/levangilealecran.com\/index.php?rest_route=\/wp\/v2\/posts"}],"about":[{"href":"https:\/\/levangilealecran.com\/index.php?rest_route=\/wp\/v2\/types\/post"}],"author":[{"embeddable":true,"href":"https:\/\/levangilealecran.com\/index.php?rest_route=\/wp\/v2\/users\/2005"}],"replies":[{"embeddable":true,"href":"https:\/\/levangilealecran.com\/index.php?rest_route=%2Fwp%2Fv2%2Fcomments&post=3208"}],"version-history":[{"count":1,"href":"https:\/\/levangilealecran.com\/index.php?rest_route=\/wp\/v2\/posts\/3208\/revisions"}],"predecessor-version":[{"id":3210,"href":"https:\/\/levangilealecran.com\/index.php?rest_route=\/wp\/v2\/posts\/3208\/revisions\/3210"}],"wp:attachment":[{"href":"https:\/\/levangilealecran.com\/index.php?rest_route=%2Fwp%2Fv2%2Fmedia&parent=3208"}],"wp:term":[{"taxonomy":"category","embeddable":true,"href":"https:\/\/levangilealecran.com\/index.php?rest_route=%2Fwp%2Fv2%2Fcategories&post=3208"},{"taxonomy":"post_tag","embeddable":true,"href":"https:\/\/levangilealecran.com\/index.php?rest_route=%2Fwp%2Fv2%2Ftags&post=3208"}],"curies":[{"name":"wp","href":"https:\/\/api.w.org\/{rel}","templated":true}]}}