{"id":3205,"date":"2025-02-21T06:00:00","date_gmt":"2025-02-21T05:00:00","guid":{"rendered":"https:\/\/levangilealecran.com\/?p=3205"},"modified":"2025-02-20T18:00:47","modified_gmt":"2025-02-20T17:00:47","slug":"7e-dimanche-du-temps-ordinaire-c-23-fevrier","status":"publish","type":"post","link":"https:\/\/levangilealecran.com\/?p=3205","title":{"rendered":"7e dimanche du Temps Ordinaire &#8211; C &#8211; 23 f\u00e9vrier"},"content":{"rendered":"\n<blockquote class=\"wp-block-quote is-layout-flow wp-block-quote-is-layout-flow\">\n<p class=\"wp-block-paragraph\">\u00abSoyez mis\u00e9ricordieux comme votre P\u00e8re est mis\u00e9ricordieux.\u00bb<\/p>\n<cite>(Luc 6, 36)<\/cite><\/blockquote>\n\n\n\n<figure class=\"wp-block-image size-large is-resized\"><a href=\"https:\/\/levangilealecran.com\/wp-content\/uploads\/2025\/02\/stencil.logo-large.jpg\"><img loading=\"lazy\" decoding=\"async\" width=\"1024\" height=\"1024\" src=\"https:\/\/levangilealecran.com\/wp-content\/uploads\/2025\/02\/stencil.logo-large-1024x1024.jpg\" alt=\"\" class=\"wp-image-3206\" style=\"width:600px\" srcset=\"https:\/\/levangilealecran.com\/wp-content\/uploads\/2025\/02\/stencil.logo-large-1024x1024.jpg 1024w, https:\/\/levangilealecran.com\/wp-content\/uploads\/2025\/02\/stencil.logo-large-300x300.jpg 300w, https:\/\/levangilealecran.com\/wp-content\/uploads\/2025\/02\/stencil.logo-large-150x150.jpg 150w, https:\/\/levangilealecran.com\/wp-content\/uploads\/2025\/02\/stencil.logo-large-768x768.jpg 768w, https:\/\/levangilealecran.com\/wp-content\/uploads\/2025\/02\/stencil.logo-large.jpg 1200w\" sizes=\"auto, (max-width: 1024px) 100vw, 1024px\" \/><\/a><\/figure>\n\n\n\n<p class=\"wp-block-paragraph\">> Le mal se propage comme une cha\u00eene : une blessure en appelle une autre, une injustice r\u00e9pond \u00e0 une injustice, et nous restons enferm\u00e9s dans une logique destructrice. Mais J\u00e9sus nous invite \u00e0 briser ce cycle par le pardon et la mis\u00e9ricorde. Dieu d\u00e9teste le mal, mais aime celui qui en est prisonnier. Pardonner, ce n&rsquo;est pas nier la souffrance subie, mais refuser que le mal ait le dernier mot. Humainement, c&rsquo;est difficile, mais l&rsquo;Esprit Saint nous aide \u00e0 nous d\u00e9tacher de la rancune et \u00e0 laisser Dieu transformer notre c\u0153ur.<br><br>> La psychologie reconna\u00eet que le pardon lib\u00e8re et gu\u00e9rit, influant non seulement sur la paix int\u00e9rieure, mais aussi sur notre corps. En all\u00e9geant nos blessures int\u00e9rieures, il r\u00e9duit le stress et ses effets n\u00e9fastes sur la sant\u00e9. Dans cette logique, aimer nos ennemis ne signifie pas justifier leurs actes, mais refuser de r\u00e9pondre au mal par le mal. Cette semaine, demandons \u00e0 Dieu la force de briser nos propres cha\u00eenes int\u00e9rieures et de faire r\u00e9gner en nous la paix de son Royaume. Amen.<\/p>\n","protected":false},"excerpt":{"rendered":"<p>\u00abSoyez mis\u00e9ricordieux comme votre P\u00e8re est mis\u00e9ricordieux.\u00bb (Luc 6, 36) > Le mal se propage comme une cha\u00eene : une blessure en appelle une autre, une injustice r\u00e9pond \u00e0 une injustice, et nous restons enferm\u00e9s dans une logique destructrice. Mais J\u00e9sus nous invite \u00e0 briser ce cycle par le pardon et la mis\u00e9ricorde. Dieu d\u00e9teste le mal, mais aime celui qui en est prisonnier. Pardonner, ce n&rsquo;est pas nier la souffrance subie, mais refuser que le mal ait le dernier mot. Humainement, c&rsquo;est difficile, mais l&rsquo;Esprit Saint nous aide \u00e0 nous d\u00e9tacher de la rancune et \u00e0 laisser Dieu transformer notre c\u0153ur. > La psychologie reconna\u00eet que le pardon lib\u00e8re \u2026 <a class=\"continue-reading-link\" href=\"https:\/\/levangilealecran.com\/?p=3205\"> Continue reading <span class=\"meta-nav\">&rarr; <\/span><\/a><\/p>\n","protected":false},"author":2005,"featured_media":0,"comment_status":"open","ping_status":"open","sticky":false,"template":"","format":"standard","meta":{"footnotes":""},"categories":[4,6],"tags":[],"class_list":["post-3205","post","type-post","status-publish","format-standard","hentry","category-dimanche","category-luc"],"_links":{"self":[{"href":"https:\/\/levangilealecran.com\/index.php?rest_route=\/wp\/v2\/posts\/3205","targetHints":{"allow":["GET"]}}],"collection":[{"href":"https:\/\/levangilealecran.com\/index.php?rest_route=\/wp\/v2\/posts"}],"about":[{"href":"https:\/\/levangilealecran.com\/index.php?rest_route=\/wp\/v2\/types\/post"}],"author":[{"embeddable":true,"href":"https:\/\/levangilealecran.com\/index.php?rest_route=\/wp\/v2\/users\/2005"}],"replies":[{"embeddable":true,"href":"https:\/\/levangilealecran.com\/index.php?rest_route=%2Fwp%2Fv2%2Fcomments&post=3205"}],"version-history":[{"count":1,"href":"https:\/\/levangilealecran.com\/index.php?rest_route=\/wp\/v2\/posts\/3205\/revisions"}],"predecessor-version":[{"id":3207,"href":"https:\/\/levangilealecran.com\/index.php?rest_route=\/wp\/v2\/posts\/3205\/revisions\/3207"}],"wp:attachment":[{"href":"https:\/\/levangilealecran.com\/index.php?rest_route=%2Fwp%2Fv2%2Fmedia&parent=3205"}],"wp:term":[{"taxonomy":"category","embeddable":true,"href":"https:\/\/levangilealecran.com\/index.php?rest_route=%2Fwp%2Fv2%2Fcategories&post=3205"},{"taxonomy":"post_tag","embeddable":true,"href":"https:\/\/levangilealecran.com\/index.php?rest_route=%2Fwp%2Fv2%2Ftags&post=3205"}],"curies":[{"name":"wp","href":"https:\/\/api.w.org\/{rel}","templated":true}]}}