{"id":320,"date":"2013-05-24T15:55:11","date_gmt":"2013-05-24T13:55:11","guid":{"rendered":"http:\/\/levangilealecran.com?p=320"},"modified":"2013-05-24T15:55:11","modified_gmt":"2013-05-24T13:55:11","slug":"sainte-trinite-c","status":"publish","type":"post","link":"https:\/\/levangilealecran.com\/?p=320","title":{"rendered":"Sainte Trinit\u00e9 &#8211; C"},"content":{"rendered":"<p style=\"text-align: justify;\">\u00ab\u00a0L&rsquo;Esprit de v\u00e9rit\u00e9 me glorifiera, car il reprendra ce qui vient de moi pour vous le faire conna\u00eetre.\u00a0\u00bb Jean 16, 14<\/p>\n<p style=\"text-align: justify;\"><strong>&gt; L&rsquo;une des missions de l&rsquo;Esprit de v\u00e9rit\u00e9, c&rsquo;est de faire conna\u00eetre, d&rsquo;\u00e9clairer, d&rsquo;ouvrir l&rsquo;intelligence. Nous vous proposons, avec l&rsquo;aide de l&rsquo;Esprit, de relire ce que vous avez v\u00e9cu ces derniers mois pour y d\u00e9celer les traces de Dieu dans votre vie et rendre gloire pour cette pr\u00e9sence de Dieu au c\u0153ur du monde et au c\u0153ur de votre vie.<\/strong><\/p>\n","protected":false},"excerpt":{"rendered":"<p>\u00ab\u00a0L&rsquo;Esprit de v\u00e9rit\u00e9 me glorifiera, car il reprendra ce qui vient de moi pour vous le faire conna\u00eetre.\u00a0\u00bb Jean 16, 14 &gt; L&rsquo;une des missions de l&rsquo;Esprit de v\u00e9rit\u00e9, c&rsquo;est de faire conna\u00eetre, d&rsquo;\u00e9clairer, d&rsquo;ouvrir l&rsquo;intelligence. Nous vous proposons, avec l&rsquo;aide de l&rsquo;Esprit, de relire ce que vous avez v\u00e9cu ces derniers mois pour y d\u00e9celer les traces de Dieu dans votre vie et rendre gloire pour cette pr\u00e9sence de Dieu au c\u0153ur du monde et au c\u0153ur de votre vie.<\/p>\n","protected":false},"author":1,"featured_media":0,"comment_status":"open","ping_status":"open","sticky":false,"template":"","format":"standard","meta":{"footnotes":""},"categories":[24,5],"tags":[86,430,89,88],"class_list":["post-320","post","type-post","status-publish","format-standard","hentry","category-fetes","category-jean","tag-esprit-saint","tag-jean","tag-relecture","tag-trinite"],"_links":{"self":[{"href":"https:\/\/levangilealecran.com\/index.php?rest_route=\/wp\/v2\/posts\/320","targetHints":{"allow":["GET"]}}],"collection":[{"href":"https:\/\/levangilealecran.com\/index.php?rest_route=\/wp\/v2\/posts"}],"about":[{"href":"https:\/\/levangilealecran.com\/index.php?rest_route=\/wp\/v2\/types\/post"}],"author":[{"embeddable":true,"href":"https:\/\/levangilealecran.com\/index.php?rest_route=\/wp\/v2\/users\/1"}],"replies":[{"embeddable":true,"href":"https:\/\/levangilealecran.com\/index.php?rest_route=%2Fwp%2Fv2%2Fcomments&post=320"}],"version-history":[{"count":1,"href":"https:\/\/levangilealecran.com\/index.php?rest_route=\/wp\/v2\/posts\/320\/revisions"}],"predecessor-version":[{"id":321,"href":"https:\/\/levangilealecran.com\/index.php?rest_route=\/wp\/v2\/posts\/320\/revisions\/321"}],"wp:attachment":[{"href":"https:\/\/levangilealecran.com\/index.php?rest_route=%2Fwp%2Fv2%2Fmedia&parent=320"}],"wp:term":[{"taxonomy":"category","embeddable":true,"href":"https:\/\/levangilealecran.com\/index.php?rest_route=%2Fwp%2Fv2%2Fcategories&post=320"},{"taxonomy":"post_tag","embeddable":true,"href":"https:\/\/levangilealecran.com\/index.php?rest_route=%2Fwp%2Fv2%2Ftags&post=320"}],"curies":[{"name":"wp","href":"https:\/\/api.w.org\/{rel}","templated":true}]}}