{"id":3192,"date":"2025-01-31T08:00:00","date_gmt":"2025-01-31T07:00:00","guid":{"rendered":"https:\/\/levangilealecran.com\/?p=3192"},"modified":"2025-01-30T16:59:51","modified_gmt":"2025-01-30T15:59:51","slug":"dimanche-de-la-presentation-du-seigneur-au-temple-c-2-fevrier-2025","status":"publish","type":"post","link":"https:\/\/levangilealecran.com\/?p=3192","title":{"rendered":"Dimanche de la Pr\u00e9sentation du Seigneur au temple &#8211; C &#8211; 2 f\u00e9vrier 2025"},"content":{"rendered":"\n<blockquote class=\"wp-block-quote is-layout-flow wp-block-quote-is-layout-flow\">\n<p class=\"wp-block-paragraph\">\u00ab Le p\u00e8re et la m\u00e8re de l\u2019enfant s\u2019\u00e9tonnaient de ce qui \u00e9tait dit de lui. \u00bb<\/p>\n<cite>(Luc 2,33)<\/cite><\/blockquote>\n\n\n\n<figure class=\"wp-block-image size-full\"><a href=\"https:\/\/levangilealecran.com\/wp-content\/uploads\/2025\/01\/Image1.jpg\"><img loading=\"lazy\" decoding=\"async\" width=\"440\" height=\"254\" src=\"https:\/\/levangilealecran.com\/wp-content\/uploads\/2025\/01\/Image1.jpg\" alt=\"\" class=\"wp-image-3193\" style=\"object-fit:cover\" srcset=\"https:\/\/levangilealecran.com\/wp-content\/uploads\/2025\/01\/Image1.jpg 440w, https:\/\/levangilealecran.com\/wp-content\/uploads\/2025\/01\/Image1-300x173.jpg 300w, https:\/\/levangilealecran.com\/wp-content\/uploads\/2025\/01\/Image1-150x87.jpg 150w, https:\/\/levangilealecran.com\/wp-content\/uploads\/2025\/01\/Image1-250x144.jpg 250w\" sizes=\"auto, (max-width: 440px) 100vw, 440px\" \/><\/a><\/figure>\n\n\n\n<p class=\"wp-block-paragraph\">> Ils sont venus en pauvres, les parents du petit gar\u00e7on \u00e0 pr\u00e9senter au Temple, n\u2019apportant comme offrande que deux petites colombes. (Cf. Lv 12,8). Ils \u00e9taient donc cens\u00e9s passer inaper\u00e7us. Mais le ciel avait orchestr\u00e9 une magnifique mise en sc\u00e8ne avec l\u2019Esprit Saint comme protagoniste. Entrent alors Sym\u00e9on, homme de Dieu et Anne, proph\u00e9tesse, qui se mettent \u00e0 proclamer devant tout le monde le sort hors commun de cet enfant : \u00ab Salut pr\u00e9par\u00e9 \u00e0 la face des peuples \/ lumi\u00e8re qui se r\u00e9v\u00e8le aux nations \/ signe de contradiction \u2026 \u00bb<br><br>> Comprenant l\u2019\u00e9tonnement des parents, sachons, nous aussi, nous \u00e9tonner sans cesse \u00e0 nouveau devant l\u2019humble condition humaine qu\u2019\u00e0 pris notre grand Dieu en devenant l\u2019un de nous. Laissons-le nous rejoindre dans nos propres vies en m\u00e9ditant encore cette derni\u00e8re phrase : \u00ab Lorsqu\u2019ils eurent achev\u00e9 tout ce que prescrivait la loi du Seigneur, ils retourn\u00e8rent en Galil\u00e9e, dans leur ville de Nazareth. L\u2019enfant, lui, grandissait et se fortifiait, rempli de sagesse, et la gr\u00e2ce de Dieu \u00e9tait sur lui. \u00bb<\/p>\n","protected":false},"excerpt":{"rendered":"<p>\u00ab Le p\u00e8re et la m\u00e8re de l\u2019enfant s\u2019\u00e9tonnaient de ce qui \u00e9tait dit de lui. \u00bb (Luc 2,33) > Ils sont venus en pauvres, les parents du petit gar\u00e7on \u00e0 pr\u00e9senter au Temple, n\u2019apportant comme offrande que deux petites colombes. (Cf. Lv 12,8). Ils \u00e9taient donc cens\u00e9s passer inaper\u00e7us. Mais le ciel avait orchestr\u00e9 une magnifique mise en sc\u00e8ne avec l\u2019Esprit Saint comme protagoniste. Entrent alors Sym\u00e9on, homme de Dieu et Anne, proph\u00e9tesse, qui se mettent \u00e0 proclamer devant tout le monde le sort hors commun de cet enfant : \u00ab Salut pr\u00e9par\u00e9 \u00e0 la face des peuples \/ lumi\u00e8re qui se r\u00e9v\u00e8le aux nations \/ signe de contradiction \u2026 <a class=\"continue-reading-link\" href=\"https:\/\/levangilealecran.com\/?p=3192\"> Continue reading <span class=\"meta-nav\">&rarr; <\/span><\/a><\/p>\n","protected":false},"author":2005,"featured_media":0,"comment_status":"open","ping_status":"open","sticky":false,"template":"","format":"standard","meta":{"footnotes":""},"categories":[4,24,6],"tags":[],"class_list":["post-3192","post","type-post","status-publish","format-standard","hentry","category-dimanche","category-fetes","category-luc"],"_links":{"self":[{"href":"https:\/\/levangilealecran.com\/index.php?rest_route=\/wp\/v2\/posts\/3192","targetHints":{"allow":["GET"]}}],"collection":[{"href":"https:\/\/levangilealecran.com\/index.php?rest_route=\/wp\/v2\/posts"}],"about":[{"href":"https:\/\/levangilealecran.com\/index.php?rest_route=\/wp\/v2\/types\/post"}],"author":[{"embeddable":true,"href":"https:\/\/levangilealecran.com\/index.php?rest_route=\/wp\/v2\/users\/2005"}],"replies":[{"embeddable":true,"href":"https:\/\/levangilealecran.com\/index.php?rest_route=%2Fwp%2Fv2%2Fcomments&post=3192"}],"version-history":[{"count":1,"href":"https:\/\/levangilealecran.com\/index.php?rest_route=\/wp\/v2\/posts\/3192\/revisions"}],"predecessor-version":[{"id":3194,"href":"https:\/\/levangilealecran.com\/index.php?rest_route=\/wp\/v2\/posts\/3192\/revisions\/3194"}],"wp:attachment":[{"href":"https:\/\/levangilealecran.com\/index.php?rest_route=%2Fwp%2Fv2%2Fmedia&parent=3192"}],"wp:term":[{"taxonomy":"category","embeddable":true,"href":"https:\/\/levangilealecran.com\/index.php?rest_route=%2Fwp%2Fv2%2Fcategories&post=3192"},{"taxonomy":"post_tag","embeddable":true,"href":"https:\/\/levangilealecran.com\/index.php?rest_route=%2Fwp%2Fv2%2Ftags&post=3192"}],"curies":[{"name":"wp","href":"https:\/\/api.w.org\/{rel}","templated":true}]}}