{"id":3189,"date":"2025-01-24T08:00:00","date_gmt":"2025-01-24T07:00:00","guid":{"rendered":"https:\/\/levangilealecran.com\/?p=3189"},"modified":"2025-01-23T16:13:54","modified_gmt":"2025-01-23T15:13:54","slug":"3eme-dimanche-du-temps-ordinaire-annee-c-26-janvier-2025","status":"publish","type":"post","link":"https:\/\/levangilealecran.com\/?p=3189","title":{"rendered":"3\u00e8me dimanche du temps ordinaire &#8211; Ann\u00e9e C &#8211; 26 janvier 2025"},"content":{"rendered":"\n<blockquote class=\"wp-block-quote is-layout-flow wp-block-quote-is-layout-flow\">\n<p class=\"wp-block-paragraph\">\u00ab Plusieurs ont entrepris de composer un r\u00e9cit des \u00e9v\u00e9nements qui se sont accomplis parmi nous, d\u2019apr\u00e8s ce que nous ont transmis ceux qui ont \u00e9t\u00e9 des t\u00e9moins. \u00bb<\/p>\n<cite>(Luc 1,1)<\/cite><\/blockquote>\n\n\n\n<figure class=\"wp-block-image size-large is-resized\"><a href=\"https:\/\/levangilealecran.com\/wp-content\/uploads\/2025\/01\/IMG-20250110-WA0003.jpg\"><img loading=\"lazy\" decoding=\"async\" width=\"860\" height=\"1024\" src=\"https:\/\/levangilealecran.com\/wp-content\/uploads\/2025\/01\/IMG-20250110-WA0003-860x1024.jpg\" alt=\"\" class=\"wp-image-3190\" style=\"width:auto;height:600px\" srcset=\"https:\/\/levangilealecran.com\/wp-content\/uploads\/2025\/01\/IMG-20250110-WA0003-860x1024.jpg 860w, https:\/\/levangilealecran.com\/wp-content\/uploads\/2025\/01\/IMG-20250110-WA0003-252x300.jpg 252w, https:\/\/levangilealecran.com\/wp-content\/uploads\/2025\/01\/IMG-20250110-WA0003-768x915.jpg 768w, https:\/\/levangilealecran.com\/wp-content\/uploads\/2025\/01\/IMG-20250110-WA0003-600x715.jpg 600w, https:\/\/levangilealecran.com\/wp-content\/uploads\/2025\/01\/IMG-20250110-WA0003-126x150.jpg 126w, https:\/\/levangilealecran.com\/wp-content\/uploads\/2025\/01\/IMG-20250110-WA0003.jpg 922w\" sizes=\"auto, (max-width: 860px) 100vw, 860px\" \/><\/a><\/figure>\n\n\n\n<p class=\"wp-block-paragraph\">> Voil\u00e0 deux textes qui nous sont propos\u00e9s pour ce dimanche : Luc 1,1-4 et Luc 4,14-21. Le lien entre eux, c\u2019est la continuit\u00e9 et la transmission. J\u00e9sus, au d\u00e9but de son minist\u00e8re, ancre son message dans une relecture provocante du Livre d\u2019\u00c9sa\u00efe. De son c\u00f4t\u00e9, Luc, en prenant la plume, compose son r\u00e9cit en s\u2019appuyant sur le commencement et sur d&rsquo;autres t\u00e9moins et serviteurs de la Parole avant lui. Ce passage de t\u00e9moin, de main en main, fait \u00e9clore une nouveaut\u00e9 \u00e0 chaque fois : une autre Parole s\u2019accomplit, une autre \u00e9tape du dessein de Dieu se r\u00e9v\u00e8le.<br><br>> Est-ce ainsi que je lis la Bible ? Avec cette conscience qu\u2019elle me donne \u00e0 vivre quelque chose de neuf et qu\u2019elle est la fa\u00e7on dont Dieu me pousse \u00e0 marcher vers l\u2019in\u00e9dit ? Cette semaine, relevons le d\u00e9fi de lire la Parole comme un tr\u00e9sor vivant : elle porte nos vies et nous appelle \u00e0 d\u00e9passer nos petits plans bien rang\u00e9s pour accomplir ce que Dieu pr\u00e9pare pour nous. Amen.<\/p>\n","protected":false},"excerpt":{"rendered":"<p>\u00ab Plusieurs ont entrepris de composer un r\u00e9cit des \u00e9v\u00e9nements qui se sont accomplis parmi nous, d\u2019apr\u00e8s ce que nous ont transmis ceux qui ont \u00e9t\u00e9 des t\u00e9moins. \u00bb (Luc 1,1) > Voil\u00e0 deux textes qui nous sont propos\u00e9s pour ce dimanche : Luc 1,1-4 et Luc 4,14-21. Le lien entre eux, c\u2019est la continuit\u00e9 et la transmission. J\u00e9sus, au d\u00e9but de son minist\u00e8re, ancre son message dans une relecture provocante du Livre d\u2019\u00c9sa\u00efe. De son c\u00f4t\u00e9, Luc, en prenant la plume, compose son r\u00e9cit en s\u2019appuyant sur le commencement et sur d&rsquo;autres t\u00e9moins et serviteurs de la Parole avant lui. Ce passage de t\u00e9moin, de main en main, fait \u2026 <a class=\"continue-reading-link\" href=\"https:\/\/levangilealecran.com\/?p=3189\"> Continue reading <span class=\"meta-nav\">&rarr; <\/span><\/a><\/p>\n","protected":false},"author":2005,"featured_media":0,"comment_status":"open","ping_status":"open","sticky":false,"template":"","format":"standard","meta":{"footnotes":""},"categories":[4,6],"tags":[],"class_list":["post-3189","post","type-post","status-publish","format-standard","hentry","category-dimanche","category-luc"],"_links":{"self":[{"href":"https:\/\/levangilealecran.com\/index.php?rest_route=\/wp\/v2\/posts\/3189","targetHints":{"allow":["GET"]}}],"collection":[{"href":"https:\/\/levangilealecran.com\/index.php?rest_route=\/wp\/v2\/posts"}],"about":[{"href":"https:\/\/levangilealecran.com\/index.php?rest_route=\/wp\/v2\/types\/post"}],"author":[{"embeddable":true,"href":"https:\/\/levangilealecran.com\/index.php?rest_route=\/wp\/v2\/users\/2005"}],"replies":[{"embeddable":true,"href":"https:\/\/levangilealecran.com\/index.php?rest_route=%2Fwp%2Fv2%2Fcomments&post=3189"}],"version-history":[{"count":1,"href":"https:\/\/levangilealecran.com\/index.php?rest_route=\/wp\/v2\/posts\/3189\/revisions"}],"predecessor-version":[{"id":3191,"href":"https:\/\/levangilealecran.com\/index.php?rest_route=\/wp\/v2\/posts\/3189\/revisions\/3191"}],"wp:attachment":[{"href":"https:\/\/levangilealecran.com\/index.php?rest_route=%2Fwp%2Fv2%2Fmedia&parent=3189"}],"wp:term":[{"taxonomy":"category","embeddable":true,"href":"https:\/\/levangilealecran.com\/index.php?rest_route=%2Fwp%2Fv2%2Fcategories&post=3189"},{"taxonomy":"post_tag","embeddable":true,"href":"https:\/\/levangilealecran.com\/index.php?rest_route=%2Fwp%2Fv2%2Ftags&post=3189"}],"curies":[{"name":"wp","href":"https:\/\/api.w.org\/{rel}","templated":true}]}}