{"id":3185,"date":"2025-01-17T08:00:00","date_gmt":"2025-01-17T07:00:00","guid":{"rendered":"https:\/\/levangilealecran.com\/?p=3185"},"modified":"2025-01-17T00:33:21","modified_gmt":"2025-01-16T23:33:21","slug":"2e-dimanche-du-temps-ordinaire-c-19-janvier-2025","status":"publish","type":"post","link":"https:\/\/levangilealecran.com\/?p=3185","title":{"rendered":"2e dimanche du Temps ordinaire \u2013 C \u2013 19 janvier 2025"},"content":{"rendered":"\n<blockquote class=\"wp-block-quote is-layout-flow wp-block-quote-is-layout-flow\">\n<p class=\"wp-block-paragraph\">\u00ab Tout le monde sert le bon vin en premier [&#8230;] mais toi, tu as gard\u00e9 le bon vin jusqu\u2019\u00e0 maintenant. \u00bb<\/p>\n<cite>Jean 2, 10<\/cite><\/blockquote>\n\n\n\n<figure class=\"wp-block-image size-large is-resized\"><a href=\"https:\/\/levangilealecran.com\/wp-content\/uploads\/2025\/01\/stencil.logo-large-12.png\"><img loading=\"lazy\" decoding=\"async\" width=\"1024\" height=\"1024\" src=\"https:\/\/levangilealecran.com\/wp-content\/uploads\/2025\/01\/stencil.logo-large-12-1024x1024.png\" alt=\"\" class=\"wp-image-3186\" style=\"width:600px\" srcset=\"https:\/\/levangilealecran.com\/wp-content\/uploads\/2025\/01\/stencil.logo-large-12-1024x1024.png 1024w, https:\/\/levangilealecran.com\/wp-content\/uploads\/2025\/01\/stencil.logo-large-12-300x300.png 300w, https:\/\/levangilealecran.com\/wp-content\/uploads\/2025\/01\/stencil.logo-large-12-150x150.png 150w, https:\/\/levangilealecran.com\/wp-content\/uploads\/2025\/01\/stencil.logo-large-12-768x768.png 768w, https:\/\/levangilealecran.com\/wp-content\/uploads\/2025\/01\/stencil.logo-large-12-600x600.png 600w, https:\/\/levangilealecran.com\/wp-content\/uploads\/2025\/01\/stencil.logo-large-12.png 1200w\" sizes=\"auto, (max-width: 1024px) 100vw, 1024px\" \/><\/a><\/figure>\n\n\n\n<p class=\"wp-block-paragraph\">> Aux noces de Cana, J\u00e9sus accomplit son premier miracle en transformant l\u2019eau en vin. Ce geste n\u2019est pas seulement spectaculaire : il r\u00e9v\u00e8le un Dieu qui ne se contente pas de r\u00e9pondre \u00e0 nos besoins, mais qui nous offre le meilleur. L\u2019eau ordinaire, essentielle \u00e0 la vie, devient ici un vin exceptionnel, symbole de f\u00eate et de gr\u00e2ce. Ce miracle nous invite \u00e0 reconna\u00eetre que Dieu peut transformer nos r\u00e9alit\u00e9s les plus simples en quelque chose de pr\u00e9cieux.<br><br>> Le ma\u00eetre du repas s\u2019\u00e9tonne que le meilleur vin ait \u00e9t\u00e9 gard\u00e9 pour la fin. Cette inversion est une belle m\u00e9taphore : Dieu r\u00e9serve le meilleur pour l\u2019avenir. Mais cette transformation commence d\u00e8s maintenant, dans nos jours ordinaires. L\u2019eau de nos vies peut devenir le vin de sa gr\u00e2ce. Sommes-nous pr\u00eats \u00e0 lui confier ce que nous avons, aussi modeste soit-il, pour qu\u2019il le transforme ? Belle marche dans la joie et l\u2019esp\u00e9rance !<\/p>\n","protected":false},"excerpt":{"rendered":"<p>\u00ab Tout le monde sert le bon vin en premier [&#8230;] mais toi, tu as gard\u00e9 le bon vin jusqu\u2019\u00e0 maintenant. \u00bb Jean 2, 10 > Aux noces de Cana, J\u00e9sus accomplit son premier miracle en transformant l\u2019eau en vin. Ce geste n\u2019est pas seulement spectaculaire : il r\u00e9v\u00e8le un Dieu qui ne se contente pas de r\u00e9pondre \u00e0 nos besoins, mais qui nous offre le meilleur. L\u2019eau ordinaire, essentielle \u00e0 la vie, devient ici un vin exceptionnel, symbole de f\u00eate et de gr\u00e2ce. Ce miracle nous invite \u00e0 reconna\u00eetre que Dieu peut transformer nos r\u00e9alit\u00e9s les plus simples en quelque chose de pr\u00e9cieux. > Le ma\u00eetre du repas s\u2019\u00e9tonne \u2026 <a class=\"continue-reading-link\" href=\"https:\/\/levangilealecran.com\/?p=3185\"> Continue reading <span class=\"meta-nav\">&rarr; <\/span><\/a><\/p>\n","protected":false},"author":2005,"featured_media":0,"comment_status":"open","ping_status":"open","sticky":false,"template":"","format":"standard","meta":{"footnotes":""},"categories":[4,5],"tags":[],"class_list":["post-3185","post","type-post","status-publish","format-standard","hentry","category-dimanche","category-jean"],"_links":{"self":[{"href":"https:\/\/levangilealecran.com\/index.php?rest_route=\/wp\/v2\/posts\/3185","targetHints":{"allow":["GET"]}}],"collection":[{"href":"https:\/\/levangilealecran.com\/index.php?rest_route=\/wp\/v2\/posts"}],"about":[{"href":"https:\/\/levangilealecran.com\/index.php?rest_route=\/wp\/v2\/types\/post"}],"author":[{"embeddable":true,"href":"https:\/\/levangilealecran.com\/index.php?rest_route=\/wp\/v2\/users\/2005"}],"replies":[{"embeddable":true,"href":"https:\/\/levangilealecran.com\/index.php?rest_route=%2Fwp%2Fv2%2Fcomments&post=3185"}],"version-history":[{"count":1,"href":"https:\/\/levangilealecran.com\/index.php?rest_route=\/wp\/v2\/posts\/3185\/revisions"}],"predecessor-version":[{"id":3187,"href":"https:\/\/levangilealecran.com\/index.php?rest_route=\/wp\/v2\/posts\/3185\/revisions\/3187"}],"wp:attachment":[{"href":"https:\/\/levangilealecran.com\/index.php?rest_route=%2Fwp%2Fv2%2Fmedia&parent=3185"}],"wp:term":[{"taxonomy":"category","embeddable":true,"href":"https:\/\/levangilealecran.com\/index.php?rest_route=%2Fwp%2Fv2%2Fcategories&post=3185"},{"taxonomy":"post_tag","embeddable":true,"href":"https:\/\/levangilealecran.com\/index.php?rest_route=%2Fwp%2Fv2%2Ftags&post=3185"}],"curies":[{"name":"wp","href":"https:\/\/api.w.org\/{rel}","templated":true}]}}