{"id":3176,"date":"2025-01-02T20:24:28","date_gmt":"2025-01-02T19:24:28","guid":{"rendered":"https:\/\/levangilealecran.com\/?p=3176"},"modified":"2025-01-02T20:27:16","modified_gmt":"2025-01-02T19:27:16","slug":"fete-de-lepiphanie","status":"publish","type":"post","link":"https:\/\/levangilealecran.com\/?p=3176","title":{"rendered":"F\u00eate de l&rsquo;Epiphanie &#8211; C &#8211; 5 janvier 2025"},"content":{"rendered":"\n<blockquote class=\"wp-block-quote is-layout-flow wp-block-quote-is-layout-flow\">\n<p class=\"wp-block-paragraph\">\u00ab&nbsp;Ils ouvrirent leurs coffrets,<br>et lui offrirent leurs pr\u00e9sents&nbsp;:<br>de l\u2019or, de l\u2019encens et de la myrrhe.\u00bb<\/p>\n\n\n\n<p class=\"wp-block-paragraph\">Mt 2,11<\/p>\n<\/blockquote>\n\n\n\n<figure class=\"wp-block-image size-large\"><a href=\"https:\/\/levangilealecran.com\/wp-content\/uploads\/2025\/01\/EALE-5-jan-2025-Mt-2-11-1.jpg\"><img loading=\"lazy\" decoding=\"async\" width=\"1024\" height=\"721\" src=\"https:\/\/levangilealecran.com\/wp-content\/uploads\/2025\/01\/EALE-5-jan-2025-Mt-2-11-1-1024x721.jpg\" alt=\"\" class=\"wp-image-3177\" srcset=\"https:\/\/levangilealecran.com\/wp-content\/uploads\/2025\/01\/EALE-5-jan-2025-Mt-2-11-1-1024x721.jpg 1024w, https:\/\/levangilealecran.com\/wp-content\/uploads\/2025\/01\/EALE-5-jan-2025-Mt-2-11-1-300x211.jpg 300w, https:\/\/levangilealecran.com\/wp-content\/uploads\/2025\/01\/EALE-5-jan-2025-Mt-2-11-1-768x541.jpg 768w, https:\/\/levangilealecran.com\/wp-content\/uploads\/2025\/01\/EALE-5-jan-2025-Mt-2-11-1-600x423.jpg 600w, https:\/\/levangilealecran.com\/wp-content\/uploads\/2025\/01\/EALE-5-jan-2025-Mt-2-11-1-1536x1082.jpg 1536w, https:\/\/levangilealecran.com\/wp-content\/uploads\/2025\/01\/EALE-5-jan-2025-Mt-2-11-1-150x106.jpg 150w, https:\/\/levangilealecran.com\/wp-content\/uploads\/2025\/01\/EALE-5-jan-2025-Mt-2-11-1-213x150.jpg 213w, https:\/\/levangilealecran.com\/wp-content\/uploads\/2025\/01\/EALE-5-jan-2025-Mt-2-11-1-1320x930.jpg 1320w, https:\/\/levangilealecran.com\/wp-content\/uploads\/2025\/01\/EALE-5-jan-2025-Mt-2-11-1.jpg 1729w\" sizes=\"auto, (max-width: 1024px) 100vw, 1024px\" \/><\/a><\/figure>\n\n\n\n<p class=\"wp-block-paragraph\"><strong>Les savants \u2013 qui \u00e9taient certes mages mais pas forc\u00e9ment rois, il est bon de le redire parfois\u2026 &#8211; viennent de partout se prosterner devant l\u2019enfant de la cr\u00e8che. Le message de l\u2019Epiphanie, tr\u00e8s-tr\u00e8s loin de la galette, c\u2019est d\u2019abord l\u2019universalit\u00e9 du salut offert en Christ\u00a0: il n\u2019y a plus un peuple qui serait \u00ab\u00a0\u00e9lu\u00a0\u00bb, tous sont associ\u00e9s au m\u00eame h\u00e9ritage.<\/strong><\/p>\n\n\n\n<p class=\"wp-block-paragraph\"><strong>On sait la symbolique des trois cadeaux\u00a0: l\u2019or pour le roi des rois, l\u2019encens pour le Dieu, la myrrhe qui annonce d\u00e9j\u00e0 la mort de J\u00e9sus, mais aussi l\u2019or pour la charit\u00e9 avec laquelle exercer toute royaut\u00e9, l\u2019encens \u2013 parfum qui monte comme la pri\u00e8re dit un psaume &#8211; pour la foi en Dieu, la myrrhe pour l\u2019esp\u00e9rance en la vie \u00e9ternelle.<\/strong><\/p>\n\n\n\n<p class=\"wp-block-paragraph\"><strong>Mais derri\u00e8re cette f\u00eate, la galette, la f\u00e8ve, la couronne, les cadeaux (qui pourraient, intelligemment, \u00eatre \u00e9chang\u00e9s ce jour-l\u00e0 plut\u00f4t que le 25 d\u00e9cembre), laissons-nous toucher par ces mages qui ont tout quitt\u00e9 pour aller se prosterner devant l\u2019enfant-J\u00e9sus. Qu\u2019allons-nous quitter, cette semaine, pour lui donner la premi\u00e8re place\u00a0? O\u00f9 allons-nous nous rendre pour l\u2019adorer\u00a0?<\/strong><\/p>\n","protected":false},"excerpt":{"rendered":"<p>\u00ab&nbsp;Ils ouvrirent leurs coffrets,et lui offrirent leurs pr\u00e9sents&nbsp;:de l\u2019or, de l\u2019encens et de la myrrhe.\u00bb Mt 2,11 Les savants \u2013 qui \u00e9taient certes mages mais pas forc\u00e9ment rois, il est bon de le redire parfois\u2026 &#8211; viennent de partout se prosterner devant l\u2019enfant de la cr\u00e8che. Le message de l\u2019Epiphanie, tr\u00e8s-tr\u00e8s loin de la galette, c\u2019est d\u2019abord l\u2019universalit\u00e9 du salut offert en Christ\u00a0: il n\u2019y a plus un peuple qui serait \u00ab\u00a0\u00e9lu\u00a0\u00bb, tous sont associ\u00e9s au m\u00eame h\u00e9ritage. On sait la symbolique des trois cadeaux\u00a0: l\u2019or pour le roi des rois, l\u2019encens pour le Dieu, la myrrhe qui annonce d\u00e9j\u00e0 la mort de J\u00e9sus, mais aussi l\u2019or pour la charit\u00e9 \u2026 <a class=\"continue-reading-link\" href=\"https:\/\/levangilealecran.com\/?p=3176\"> Continue reading <span class=\"meta-nav\">&rarr; <\/span><\/a><\/p>\n","protected":false},"author":1,"featured_media":0,"comment_status":"open","ping_status":"open","sticky":false,"template":"","format":"standard","meta":{"footnotes":""},"categories":[24,201],"tags":[],"class_list":["post-3176","post","type-post","status-publish","format-standard","hentry","category-fetes","category-noel"],"_links":{"self":[{"href":"https:\/\/levangilealecran.com\/index.php?rest_route=\/wp\/v2\/posts\/3176","targetHints":{"allow":["GET"]}}],"collection":[{"href":"https:\/\/levangilealecran.com\/index.php?rest_route=\/wp\/v2\/posts"}],"about":[{"href":"https:\/\/levangilealecran.com\/index.php?rest_route=\/wp\/v2\/types\/post"}],"author":[{"embeddable":true,"href":"https:\/\/levangilealecran.com\/index.php?rest_route=\/wp\/v2\/users\/1"}],"replies":[{"embeddable":true,"href":"https:\/\/levangilealecran.com\/index.php?rest_route=%2Fwp%2Fv2%2Fcomments&post=3176"}],"version-history":[{"count":3,"href":"https:\/\/levangilealecran.com\/index.php?rest_route=\/wp\/v2\/posts\/3176\/revisions"}],"predecessor-version":[{"id":3180,"href":"https:\/\/levangilealecran.com\/index.php?rest_route=\/wp\/v2\/posts\/3176\/revisions\/3180"}],"wp:attachment":[{"href":"https:\/\/levangilealecran.com\/index.php?rest_route=%2Fwp%2Fv2%2Fmedia&parent=3176"}],"wp:term":[{"taxonomy":"category","embeddable":true,"href":"https:\/\/levangilealecran.com\/index.php?rest_route=%2Fwp%2Fv2%2Fcategories&post=3176"},{"taxonomy":"post_tag","embeddable":true,"href":"https:\/\/levangilealecran.com\/index.php?rest_route=%2Fwp%2Fv2%2Ftags&post=3176"}],"curies":[{"name":"wp","href":"https:\/\/api.w.org\/{rel}","templated":true}]}}