{"id":3161,"date":"2024-12-13T08:00:00","date_gmt":"2024-12-13T07:00:00","guid":{"rendered":"https:\/\/levangilealecran.com\/?p=3161"},"modified":"2024-12-12T17:18:44","modified_gmt":"2024-12-12T16:18:44","slug":"3e-dimanche-de-lavent-c-15-decembre-2024","status":"publish","type":"post","link":"https:\/\/levangilealecran.com\/?p=3161","title":{"rendered":"3e dimanche de l\u2019Avent \u2013 C \u2013 15 d\u00e9cembre 2024"},"content":{"rendered":"\n<p class=\"wp-block-paragraph\"><strong>UNE QUESTION A PROPOS<\/strong><\/p>\n\n\n\n<blockquote class=\"wp-block-quote is-layout-flow wp-block-quote-is-layout-flow\">\n<p class=\"wp-block-paragraph\">\u00ab Et nous, que devons-nous faire ? \u00bb<\/p>\n<cite>(Luc 3, 10, 12 ou 14)<\/cite><\/blockquote>\n\n\n\n<figure class=\"wp-block-image size-large is-resized\"><a href=\"https:\/\/levangilealecran.com\/wp-content\/uploads\/2024\/12\/john-the-baptist-3612145-scaled.jpg\"><img loading=\"lazy\" decoding=\"async\" width=\"1024\" height=\"843\" src=\"https:\/\/levangilealecran.com\/wp-content\/uploads\/2024\/12\/john-the-baptist-3612145-1024x843.jpg\" alt=\"\" class=\"wp-image-3162\" style=\"width:600px\" srcset=\"https:\/\/levangilealecran.com\/wp-content\/uploads\/2024\/12\/john-the-baptist-3612145-1024x843.jpg 1024w, https:\/\/levangilealecran.com\/wp-content\/uploads\/2024\/12\/john-the-baptist-3612145-300x247.jpg 300w, https:\/\/levangilealecran.com\/wp-content\/uploads\/2024\/12\/john-the-baptist-3612145-768x632.jpg 768w, https:\/\/levangilealecran.com\/wp-content\/uploads\/2024\/12\/john-the-baptist-3612145-600x494.jpg 600w, https:\/\/levangilealecran.com\/wp-content\/uploads\/2024\/12\/john-the-baptist-3612145-1536x1265.jpg 1536w, https:\/\/levangilealecran.com\/wp-content\/uploads\/2024\/12\/john-the-baptist-3612145-2048x1686.jpg 2048w, https:\/\/levangilealecran.com\/wp-content\/uploads\/2024\/12\/john-the-baptist-3612145-150x124.jpg 150w, https:\/\/levangilealecran.com\/wp-content\/uploads\/2024\/12\/john-the-baptist-3612145-182x150.jpg 182w, https:\/\/levangilealecran.com\/wp-content\/uploads\/2024\/12\/john-the-baptist-3612145-1320x1087.jpg 1320w\" sizes=\"auto, (max-width: 1024px) 100vw, 1024px\" \/><\/a><\/figure>\n\n\n\n<p class=\"wp-block-paragraph\"><strong>> La renomm\u00e9e de Jean le Baptiste est grande dans la contr\u00e9e puisque des personnes de diff\u00e9rents horizons sociaux ou culturels viennent \u00e0 lui. Elles ne viennent pas en spectateurs pour voir le \u00ab ph\u00e9nom\u00e8ne \u00bb du moment, elles viennent pour \u00eatre baptis\u00e9es \u2013 c\u2019est-\u00e0-dire purifier par immersion dans l\u2019eau -. Toutefois, ces personnes ont conscience que cet acte n\u2019est pas suffisant et elles posent la question juste : Que devons-nous faire ?<br>La r\u00e9ponse de Jean le Baptiste est multiple. Il n\u2019a pas une r\u00e9ponse type, unique. Elle est adapt\u00e9e \u00e0 la personne qui interroge. Pour certains, il s\u2019agit de partager ; pour d\u2019autres, il s\u2019agit de ne pas outrepasser ses droits. C\u2019est l\u00e0 l\u2019essentiel de la Bonne Nouvelle et l\u2019\u00e9vang\u00e9liste ne rapporte pas d\u2019autres exhortations de Jean.<br>Il y a une mise en r\u00e9sonnance des paroles de Jean avec notre v\u00e9cu. Certes, nous pouvons \u00eatre baptis\u00e9s, mais le Seigneur d\u00e9sire que nous soyons en mouvement.<br>>Il est temps de faire n\u00f4tre la question \u00e0 propos : Et moi que dois-je faire ?<br>Nul doute que la r\u00e9ponse viendra et qu\u2019elle nous mettra en route.<\/strong><\/p>\n","protected":false},"excerpt":{"rendered":"<p>UNE QUESTION A PROPOS \u00ab Et nous, que devons-nous faire ? \u00bb (Luc 3, 10, 12 ou 14) > La renomm\u00e9e de Jean le Baptiste est grande dans la contr\u00e9e puisque des personnes de diff\u00e9rents horizons sociaux ou culturels viennent \u00e0 lui. Elles ne viennent pas en spectateurs pour voir le \u00ab ph\u00e9nom\u00e8ne \u00bb du moment, elles viennent pour \u00eatre baptis\u00e9es \u2013 c\u2019est-\u00e0-dire purifier par immersion dans l\u2019eau -. Toutefois, ces personnes ont conscience que cet acte n\u2019est pas suffisant et elles posent la question juste : Que devons-nous faire ?La r\u00e9ponse de Jean le Baptiste est multiple. Il n\u2019a pas une r\u00e9ponse type, unique. Elle est adapt\u00e9e \u00e0 la \u2026 <a class=\"continue-reading-link\" href=\"https:\/\/levangilealecran.com\/?p=3161\"> Continue reading <span class=\"meta-nav\">&rarr; <\/span><\/a><\/p>\n","protected":false},"author":2005,"featured_media":0,"comment_status":"open","ping_status":"open","sticky":false,"template":"","format":"standard","meta":{"footnotes":""},"categories":[147,4,6,201],"tags":[],"class_list":["post-3161","post","type-post","status-publish","format-standard","hentry","category-avent-2","category-dimanche","category-luc","category-noel"],"_links":{"self":[{"href":"https:\/\/levangilealecran.com\/index.php?rest_route=\/wp\/v2\/posts\/3161","targetHints":{"allow":["GET"]}}],"collection":[{"href":"https:\/\/levangilealecran.com\/index.php?rest_route=\/wp\/v2\/posts"}],"about":[{"href":"https:\/\/levangilealecran.com\/index.php?rest_route=\/wp\/v2\/types\/post"}],"author":[{"embeddable":true,"href":"https:\/\/levangilealecran.com\/index.php?rest_route=\/wp\/v2\/users\/2005"}],"replies":[{"embeddable":true,"href":"https:\/\/levangilealecran.com\/index.php?rest_route=%2Fwp%2Fv2%2Fcomments&post=3161"}],"version-history":[{"count":1,"href":"https:\/\/levangilealecran.com\/index.php?rest_route=\/wp\/v2\/posts\/3161\/revisions"}],"predecessor-version":[{"id":3163,"href":"https:\/\/levangilealecran.com\/index.php?rest_route=\/wp\/v2\/posts\/3161\/revisions\/3163"}],"wp:attachment":[{"href":"https:\/\/levangilealecran.com\/index.php?rest_route=%2Fwp%2Fv2%2Fmedia&parent=3161"}],"wp:term":[{"taxonomy":"category","embeddable":true,"href":"https:\/\/levangilealecran.com\/index.php?rest_route=%2Fwp%2Fv2%2Fcategories&post=3161"},{"taxonomy":"post_tag","embeddable":true,"href":"https:\/\/levangilealecran.com\/index.php?rest_route=%2Fwp%2Fv2%2Ftags&post=3161"}],"curies":[{"name":"wp","href":"https:\/\/api.w.org\/{rel}","templated":true}]}}