{"id":3153,"date":"2024-11-29T08:00:00","date_gmt":"2024-11-29T07:00:00","guid":{"rendered":"https:\/\/levangilealecran.com\/?p=3153"},"modified":"2024-11-29T00:18:11","modified_gmt":"2024-11-28T23:18:11","slug":"1er-dimanche-de-lavent-c-1er-decembre-2024","status":"publish","type":"post","link":"https:\/\/levangilealecran.com\/?p=3153","title":{"rendered":"1er dimanche de l\u2019Avent \u2013 C \u2013 1er d\u00e9cembre 2024"},"content":{"rendered":"\n<blockquote class=\"wp-block-quote is-layout-flow wp-block-quote-is-layout-flow\">\n<p class=\"wp-block-paragraph\">\u00ab Redressez-vous et relevez la t\u00eate, car votre lib\u00e9ration approche. \u00bb<\/p>\n<cite>Luc 21, 28<\/cite><\/blockquote>\n\n\n\n<blockquote class=\"wp-block-quote is-layout-flow wp-block-quote-is-layout-flow\">\n<figure class=\"wp-block-image size-large is-resized\"><a href=\"https:\/\/levangilealecran.com\/wp-content\/uploads\/2024\/11\/stencil.logo-large-10.png\"><img loading=\"lazy\" decoding=\"async\" width=\"1024\" height=\"1024\" src=\"https:\/\/levangilealecran.com\/wp-content\/uploads\/2024\/11\/stencil.logo-large-10-1024x1024.png\" alt=\"\" class=\"wp-image-3154\" style=\"width:600px\" srcset=\"https:\/\/levangilealecran.com\/wp-content\/uploads\/2024\/11\/stencil.logo-large-10-1024x1024.png 1024w, https:\/\/levangilealecran.com\/wp-content\/uploads\/2024\/11\/stencil.logo-large-10-300x300.png 300w, https:\/\/levangilealecran.com\/wp-content\/uploads\/2024\/11\/stencil.logo-large-10-150x150.png 150w, https:\/\/levangilealecran.com\/wp-content\/uploads\/2024\/11\/stencil.logo-large-10-768x768.png 768w, https:\/\/levangilealecran.com\/wp-content\/uploads\/2024\/11\/stencil.logo-large-10-600x600.png 600w, https:\/\/levangilealecran.com\/wp-content\/uploads\/2024\/11\/stencil.logo-large-10.png 1200w\" sizes=\"auto, (max-width: 1024px) 100vw, 1024px\" \/><\/a><\/figure>\n\n\n\n<p class=\"wp-block-paragraph\"><strong>> Ce passage de l\u2019\u00c9vangile de Luc peut sembler inqui\u00e9tant, avec ses images de chaos et de peur. Pourtant, J\u00e9sus nous invite \u00e0 un geste d\u2019esp\u00e9rance : \u00ab Redressez-vous et relevez la t\u00eate. \u00bb Pourquoi ? Parce que Dieu est \u00e0 l\u2019\u0153uvre. Il vient pour lib\u00e9rer, pour relever et transformer ce qui semble perdu. Ce message r\u00e9sonne particuli\u00e8rement en ce premier dimanche de l\u2019Avent, o\u00f9 nous entrons dans un temps d\u2019attente et de pr\u00e9paration \u00e0 l\u2019arriv\u00e9e de la lumi\u00e8re de No\u00ebl.<br><br>> L\u2019Avent nous invite \u00e0 une attente confiante et joyeuse. Ce n\u2019est pas une attente passive, mais un temps pour ouvrir nos c\u0153urs \u00e0 l\u2019action de Dieu dans nos vies. Alors que cette p\u00e9riode nous demande souvent d\u2019aller vite et de r\u00e9pondre \u00e0 mille sollicitations, prenons un temps pour ralentir, prier, et accueillir cette lumi\u00e8re. Relevons la t\u00eate : Dieu agit pour nous, avec nous. Belle marche vers No\u00ebl.<\/strong><\/p>\n<\/blockquote>\n","protected":false},"excerpt":{"rendered":"<p>\u00ab Redressez-vous et relevez la t\u00eate, car votre lib\u00e9ration approche. \u00bb Luc 21, 28<\/p>\n","protected":false},"author":2005,"featured_media":0,"comment_status":"open","ping_status":"open","sticky":false,"template":"","format":"standard","meta":{"footnotes":""},"categories":[147,4,6,201],"tags":[],"class_list":["post-3153","post","type-post","status-publish","format-standard","hentry","category-avent-2","category-dimanche","category-luc","category-noel"],"_links":{"self":[{"href":"https:\/\/levangilealecran.com\/index.php?rest_route=\/wp\/v2\/posts\/3153","targetHints":{"allow":["GET"]}}],"collection":[{"href":"https:\/\/levangilealecran.com\/index.php?rest_route=\/wp\/v2\/posts"}],"about":[{"href":"https:\/\/levangilealecran.com\/index.php?rest_route=\/wp\/v2\/types\/post"}],"author":[{"embeddable":true,"href":"https:\/\/levangilealecran.com\/index.php?rest_route=\/wp\/v2\/users\/2005"}],"replies":[{"embeddable":true,"href":"https:\/\/levangilealecran.com\/index.php?rest_route=%2Fwp%2Fv2%2Fcomments&post=3153"}],"version-history":[{"count":1,"href":"https:\/\/levangilealecran.com\/index.php?rest_route=\/wp\/v2\/posts\/3153\/revisions"}],"predecessor-version":[{"id":3155,"href":"https:\/\/levangilealecran.com\/index.php?rest_route=\/wp\/v2\/posts\/3153\/revisions\/3155"}],"wp:attachment":[{"href":"https:\/\/levangilealecran.com\/index.php?rest_route=%2Fwp%2Fv2%2Fmedia&parent=3153"}],"wp:term":[{"taxonomy":"category","embeddable":true,"href":"https:\/\/levangilealecran.com\/index.php?rest_route=%2Fwp%2Fv2%2Fcategories&post=3153"},{"taxonomy":"post_tag","embeddable":true,"href":"https:\/\/levangilealecran.com\/index.php?rest_route=%2Fwp%2Fv2%2Ftags&post=3153"}],"curies":[{"name":"wp","href":"https:\/\/api.w.org\/{rel}","templated":true}]}}