{"id":3148,"date":"2024-11-22T08:00:00","date_gmt":"2024-11-22T07:00:00","guid":{"rendered":"https:\/\/levangilealecran.com\/?p=3148"},"modified":"2024-11-21T14:58:22","modified_gmt":"2024-11-21T13:58:22","slug":"34e-dimanche-du-temps-ordinaire-b-christ-roi-de-lunivers-24-novembre-2024","status":"publish","type":"post","link":"https:\/\/levangilealecran.com\/?p=3148","title":{"rendered":"34e Dimanche du temps ordinaire B &#8211; Christ Roi de l&rsquo;Univers &#8211; 24 novembre 2024"},"content":{"rendered":"\n<blockquote class=\"wp-block-quote is-layout-flow wp-block-quote-is-layout-flow\">\n<p class=\"wp-block-paragraph\">\u00ab Moi, je suis n\u00e9, je suis venu dans le monde pour ceci : rendre t\u00e9moignage \u00e0 la v\u00e9rit\u00e9. Quiconque appartient \u00e0 la v\u00e9rit\u00e9 \u00e9coute ma voix. \u00bb<\/p>\n<cite>(Jn 18, 37)<\/cite><\/blockquote>\n\n\n\n<figure class=\"wp-block-image size-full\"><a href=\"https:\/\/levangilealecran.com\/wp-content\/uploads\/2024\/11\/Image1.png\"><img loading=\"lazy\" decoding=\"async\" width=\"439\" height=\"439\" src=\"https:\/\/levangilealecran.com\/wp-content\/uploads\/2024\/11\/Image1.png\" alt=\"\" class=\"wp-image-3149\" style=\"object-fit:cover\" srcset=\"https:\/\/levangilealecran.com\/wp-content\/uploads\/2024\/11\/Image1.png 439w, https:\/\/levangilealecran.com\/wp-content\/uploads\/2024\/11\/Image1-300x300.png 300w, https:\/\/levangilealecran.com\/wp-content\/uploads\/2024\/11\/Image1-150x150.png 150w\" sizes=\"auto, (max-width: 439px) 100vw, 439px\" \/><\/a><\/figure>\n\n\n\n<p class=\"wp-block-paragraph\"><strong>> J\u00e9sus, un roi, lui, notre Sauveur doux et humble de c\u0153ur ? Que peut &#8211; il avoir en commun avec les puissants qui gouvernent les nations avec un sceptre de fer ? Et qui, sans scrupules, pr\u00e9cipitent hommes, femmes et enfants dans la pire d\u00e9solation ? Marqu\u00e9s par les actualit\u00e9s de guerre et d\u2019injustice, il nous est presque intol\u00e9rable d\u2019associer le Christ \u00e0 la \u201cclasse dirigeante\u201c. Et pourtant, c\u2019est lui-m\u00eame, l\u2019Innocent condamn\u00e9, qui affirme sa royaut\u00e9 face \u00e0 Pilate. Royaut\u00e9 qui n\u2019est pas de ce monde, mais fond\u00e9e sur la V\u00e9rit\u00e9. Pas celle que Pilate cherche \u00e0 d\u00e9finir par sa question devenue c\u00e9l\u00e8bre : \u00ab Qu\u2019est-ce que la v\u00e9rit\u00e9 ? \u00bb Celle qui nous a \u00e9t\u00e9 r\u00e9v\u00e9l\u00e9e dans la Bonne Nouvelle, \u00e0 nous qui professons notre foi en Christ, lui, Chemin, V\u00e9rit\u00e9 et Vie.<br>> Et ce qui est inou\u00ef, c\u2019est que nous appartenons \u00e0 cette v\u00e9rit\u00e9. Comment est-ce possible ? &#8211; En \u00e9coutant sa voix. Cette voix unique entre toutes, qui est notre autorit\u00e9 int\u00e9rieure, guidant nos pens\u00e9es, nos d\u00e9sirs et nos r\u00e9alisations. Nous cheminons donc bel et bien sous la royaut\u00e9 du Christ, par libre choix, prenant notre part \u00e0 l\u2019av\u00e8nement de son r\u00e8gne de justice et de paix.<br>> Rendons gr\u00e2ce pour un tel Roi et \u00e9coutons sa voix.<\/strong><\/p>\n","protected":false},"excerpt":{"rendered":"<p>\u00ab Moi, je suis n\u00e9, je suis venu dans le monde pour ceci : rendre t\u00e9moignage \u00e0 la v\u00e9rit\u00e9. Quiconque appartient \u00e0 la v\u00e9rit\u00e9 \u00e9coute ma voix. \u00bb (Jn 18, 37) > J\u00e9sus, un roi, lui, notre Sauveur doux et humble de c\u0153ur ? Que peut &#8211; il avoir en commun avec les puissants qui gouvernent les nations avec un sceptre de fer ? Et qui, sans scrupules, pr\u00e9cipitent hommes, femmes et enfants dans la pire d\u00e9solation ? Marqu\u00e9s par les actualit\u00e9s de guerre et d\u2019injustice, il nous est presque intol\u00e9rable d\u2019associer le Christ \u00e0 la \u201cclasse dirigeante\u201c. Et pourtant, c\u2019est lui-m\u00eame, l\u2019Innocent condamn\u00e9, qui affirme sa royaut\u00e9 face \u00e0 \u2026 <a class=\"continue-reading-link\" href=\"https:\/\/levangilealecran.com\/?p=3148\"> Continue reading <span class=\"meta-nav\">&rarr; <\/span><\/a><\/p>\n","protected":false},"author":2005,"featured_media":0,"comment_status":"open","ping_status":"open","sticky":false,"template":"","format":"standard","meta":{"footnotes":""},"categories":[1],"tags":[],"class_list":["post-3148","post","type-post","status-publish","format-standard","hentry","category-sanscategorie"],"_links":{"self":[{"href":"https:\/\/levangilealecran.com\/index.php?rest_route=\/wp\/v2\/posts\/3148","targetHints":{"allow":["GET"]}}],"collection":[{"href":"https:\/\/levangilealecran.com\/index.php?rest_route=\/wp\/v2\/posts"}],"about":[{"href":"https:\/\/levangilealecran.com\/index.php?rest_route=\/wp\/v2\/types\/post"}],"author":[{"embeddable":true,"href":"https:\/\/levangilealecran.com\/index.php?rest_route=\/wp\/v2\/users\/2005"}],"replies":[{"embeddable":true,"href":"https:\/\/levangilealecran.com\/index.php?rest_route=%2Fwp%2Fv2%2Fcomments&post=3148"}],"version-history":[{"count":1,"href":"https:\/\/levangilealecran.com\/index.php?rest_route=\/wp\/v2\/posts\/3148\/revisions"}],"predecessor-version":[{"id":3150,"href":"https:\/\/levangilealecran.com\/index.php?rest_route=\/wp\/v2\/posts\/3148\/revisions\/3150"}],"wp:attachment":[{"href":"https:\/\/levangilealecran.com\/index.php?rest_route=%2Fwp%2Fv2%2Fmedia&parent=3148"}],"wp:term":[{"taxonomy":"category","embeddable":true,"href":"https:\/\/levangilealecran.com\/index.php?rest_route=%2Fwp%2Fv2%2Fcategories&post=3148"},{"taxonomy":"post_tag","embeddable":true,"href":"https:\/\/levangilealecran.com\/index.php?rest_route=%2Fwp%2Fv2%2Ftags&post=3148"}],"curies":[{"name":"wp","href":"https:\/\/api.w.org\/{rel}","templated":true}]}}