{"id":3140,"date":"2024-11-08T08:00:00","date_gmt":"2024-11-08T07:00:00","guid":{"rendered":"https:\/\/levangilealecran.com\/?p=3140"},"modified":"2024-11-08T01:28:01","modified_gmt":"2024-11-08T00:28:01","slug":"32e-dimanche-du-temps-ordinaire-b-12-novembre-2024","status":"publish","type":"post","link":"https:\/\/levangilealecran.com\/?p=3140","title":{"rendered":"32e dimanche du Temps ordinaire \u2013 B \u2013 10 novembre 2024"},"content":{"rendered":"\n<blockquote class=\"wp-block-quote is-layout-flow wp-block-quote-is-layout-flow\">\n<p class=\"wp-block-paragraph\">\u00ab Pour l\u2019apparence, ils font de longues pri\u00e8res. \u00bb<\/p>\n<cite>(Marc 12, 40)<\/cite><\/blockquote>\n\n\n\n<figure class=\"wp-block-image size-full is-resized\"><a href=\"https:\/\/levangilealecran.com\/wp-content\/uploads\/2024\/11\/stencil.logo-large-8.png\"><img loading=\"lazy\" decoding=\"async\" width=\"1200\" height=\"1200\" src=\"https:\/\/levangilealecran.com\/wp-content\/uploads\/2024\/11\/stencil.logo-large-8.png\" alt=\"\" class=\"wp-image-3141\" style=\"width:600px\" srcset=\"https:\/\/levangilealecran.com\/wp-content\/uploads\/2024\/11\/stencil.logo-large-8.png 1200w, https:\/\/levangilealecran.com\/wp-content\/uploads\/2024\/11\/stencil.logo-large-8-300x300.png 300w, https:\/\/levangilealecran.com\/wp-content\/uploads\/2024\/11\/stencil.logo-large-8-1024x1024.png 1024w, https:\/\/levangilealecran.com\/wp-content\/uploads\/2024\/11\/stencil.logo-large-8-150x150.png 150w, https:\/\/levangilealecran.com\/wp-content\/uploads\/2024\/11\/stencil.logo-large-8-768x768.png 768w, https:\/\/levangilealecran.com\/wp-content\/uploads\/2024\/11\/stencil.logo-large-8-600x600.png 600w\" sizes=\"auto, (max-width: 1200px) 100vw, 1200px\" \/><\/a><\/figure>\n\n\n\n<p class=\"wp-block-paragraph\"><strong>> Dans ce passage, J\u00e9sus nous met en garde contre ceux qui font des pri\u00e8res \u00ab\u00a0pour l\u2019apparence\u00a0\u00bb, tout en recherchant l\u2019admiration de la foule. Il critique les comportements ostentatoires de certains qui se pr\u00e9sentent comme d\u00e9vou\u00e9s, mais dont les actions ne sont pas align\u00e9es avec la justice ou la bienveillance. Cette critique vise les scribes de son \u00e9poque, mais elle r\u00e9sonne encore aujourd\u2019hui : dans notre soci\u00e9t\u00e9, o\u00f9 la visibilit\u00e9 est souvent valoris\u00e9e au-dessus de l\u2019int\u00e9grit\u00e9, il peut \u00eatre facile de tomber dans le pi\u00e8ge de para\u00eetre plut\u00f4t que d\u2019\u00eatre authentique.<br><br>> Dans le discours des personnalit\u00e9s politiques, publiques, nos amis ou les influenceurs, qu&rsquo;est-ce qui nous percute, qu&rsquo;est-ce qui nous touche vraiment ? Savons-nous voir au-del\u00e0 des apparences pour discerner ce qui est sinc\u00e8re ? J\u00e9sus nous invite \u00e0 chercher la v\u00e9rit\u00e9 des c\u0153urs, comme celle de cette pauvre veuve, qui donne non pour \u00eatre vue, mais dans l\u2019intimit\u00e9 de sa foi.<br><br>> Cette semaine, cherchons \u00e0 \u00e9viter les apparences pour entrer dans une relation sinc\u00e8re avec Dieu et avec les autres. Ne nous contentons pas de ce qui est visible ; demandons-nous plut\u00f4t ce que signifie donner de soi de mani\u00e8re authentique et engageante. Soyez b\u00e9nis.<\/strong><\/p>\n\n\n\n<p class=\"wp-block-paragraph\"><\/p>\n","protected":false},"excerpt":{"rendered":"<p>\u00ab Pour l\u2019apparence, ils font de longues pri\u00e8res. \u00bb (Marc 12, 40) > Dans ce passage, J\u00e9sus nous met en garde contre ceux qui font des pri\u00e8res \u00ab\u00a0pour l\u2019apparence\u00a0\u00bb, tout en recherchant l\u2019admiration de la foule. Il critique les comportements ostentatoires de certains qui se pr\u00e9sentent comme d\u00e9vou\u00e9s, mais dont les actions ne sont pas align\u00e9es avec la justice ou la bienveillance. Cette critique vise les scribes de son \u00e9poque, mais elle r\u00e9sonne encore aujourd\u2019hui : dans notre soci\u00e9t\u00e9, o\u00f9 la visibilit\u00e9 est souvent valoris\u00e9e au-dessus de l\u2019int\u00e9grit\u00e9, il peut \u00eatre facile de tomber dans le pi\u00e8ge de para\u00eetre plut\u00f4t que d\u2019\u00eatre authentique. > Dans le discours des personnalit\u00e9s politiques, \u2026 <a class=\"continue-reading-link\" href=\"https:\/\/levangilealecran.com\/?p=3140\"> Continue reading <span class=\"meta-nav\">&rarr; <\/span><\/a><\/p>\n","protected":false},"author":2005,"featured_media":0,"comment_status":"open","ping_status":"open","sticky":false,"template":"","format":"standard","meta":{"footnotes":""},"categories":[4,7],"tags":[],"class_list":["post-3140","post","type-post","status-publish","format-standard","hentry","category-dimanche","category-marc"],"_links":{"self":[{"href":"https:\/\/levangilealecran.com\/index.php?rest_route=\/wp\/v2\/posts\/3140","targetHints":{"allow":["GET"]}}],"collection":[{"href":"https:\/\/levangilealecran.com\/index.php?rest_route=\/wp\/v2\/posts"}],"about":[{"href":"https:\/\/levangilealecran.com\/index.php?rest_route=\/wp\/v2\/types\/post"}],"author":[{"embeddable":true,"href":"https:\/\/levangilealecran.com\/index.php?rest_route=\/wp\/v2\/users\/2005"}],"replies":[{"embeddable":true,"href":"https:\/\/levangilealecran.com\/index.php?rest_route=%2Fwp%2Fv2%2Fcomments&post=3140"}],"version-history":[{"count":2,"href":"https:\/\/levangilealecran.com\/index.php?rest_route=\/wp\/v2\/posts\/3140\/revisions"}],"predecessor-version":[{"id":3143,"href":"https:\/\/levangilealecran.com\/index.php?rest_route=\/wp\/v2\/posts\/3140\/revisions\/3143"}],"wp:attachment":[{"href":"https:\/\/levangilealecran.com\/index.php?rest_route=%2Fwp%2Fv2%2Fmedia&parent=3140"}],"wp:term":[{"taxonomy":"category","embeddable":true,"href":"https:\/\/levangilealecran.com\/index.php?rest_route=%2Fwp%2Fv2%2Fcategories&post=3140"},{"taxonomy":"post_tag","embeddable":true,"href":"https:\/\/levangilealecran.com\/index.php?rest_route=%2Fwp%2Fv2%2Ftags&post=3140"}],"curies":[{"name":"wp","href":"https:\/\/api.w.org\/{rel}","templated":true}]}}