{"id":3129,"date":"2024-10-25T08:00:00","date_gmt":"2024-10-25T06:00:00","guid":{"rendered":"https:\/\/levangilealecran.com\/?p=3129"},"modified":"2024-10-24T17:06:32","modified_gmt":"2024-10-24T15:06:32","slug":"30e-dimanche-du-temps-ordinaire-b-27-octobre-2024","status":"publish","type":"post","link":"https:\/\/levangilealecran.com\/?p=3129","title":{"rendered":"30e dimanche du Temps ordinaire \u2013 B \u2013 27 octobre 2024"},"content":{"rendered":"\n<blockquote class=\"wp-block-quote is-layout-flow wp-block-quote-is-layout-flow\">\n<p class=\"wp-block-paragraph\">On appelle donc l\u2019aveugle, et on lui dit : \u00ab Confiance, l\u00e8ve-toi ;il t\u2019appelle. \u00bb L\u2019aveugle jeta son manteau, bondit et courut vers J\u00e9sus.<\/p>\n<cite>(Marc 10, 49-50)<\/cite><\/blockquote>\n\n\n\n<figure class=\"wp-block-image size-full is-resized\"><a href=\"https:\/\/levangilealecran.com\/wp-content\/uploads\/2024\/10\/EALE-27-oct-2024-publication-le-25-Mc-10-49-50.jpg\"><img loading=\"lazy\" decoding=\"async\" width=\"1727\" height=\"1212\" src=\"https:\/\/levangilealecran.com\/wp-content\/uploads\/2024\/10\/EALE-27-oct-2024-publication-le-25-Mc-10-49-50.jpg\" alt=\"\" class=\"wp-image-3130\" style=\"width:600px\" srcset=\"https:\/\/levangilealecran.com\/wp-content\/uploads\/2024\/10\/EALE-27-oct-2024-publication-le-25-Mc-10-49-50.jpg 1727w, https:\/\/levangilealecran.com\/wp-content\/uploads\/2024\/10\/EALE-27-oct-2024-publication-le-25-Mc-10-49-50-300x211.jpg 300w, https:\/\/levangilealecran.com\/wp-content\/uploads\/2024\/10\/EALE-27-oct-2024-publication-le-25-Mc-10-49-50-1024x719.jpg 1024w, https:\/\/levangilealecran.com\/wp-content\/uploads\/2024\/10\/EALE-27-oct-2024-publication-le-25-Mc-10-49-50-768x539.jpg 768w, https:\/\/levangilealecran.com\/wp-content\/uploads\/2024\/10\/EALE-27-oct-2024-publication-le-25-Mc-10-49-50-1536x1078.jpg 1536w, https:\/\/levangilealecran.com\/wp-content\/uploads\/2024\/10\/EALE-27-oct-2024-publication-le-25-Mc-10-49-50-150x105.jpg 150w, https:\/\/levangilealecran.com\/wp-content\/uploads\/2024\/10\/EALE-27-oct-2024-publication-le-25-Mc-10-49-50-214x150.jpg 214w, https:\/\/levangilealecran.com\/wp-content\/uploads\/2024\/10\/EALE-27-oct-2024-publication-le-25-Mc-10-49-50-1320x926.jpg 1320w\" sizes=\"auto, (max-width: 1727px) 100vw, 1727px\" \/><\/a><\/figure>\n\n\n\n<p class=\"wp-block-paragraph\"><strong>> Ces quelques mots sont tir\u00e9s de la sc\u00e8ne de l\u2019aveugle-n\u00e9 \u00e0 qui J\u00e9sus rend la vue. Ce qui est int\u00e9ressant, dans les sc\u00e8nes de miracles relat\u00e9es par l\u2019Evangile, c\u2019est d\u2019observer ce qui rend le miracle possible. Ici, deux attitudes : la confiance d\u2019abord, le fait de se lever ensuite.<br>> La confiance est premi\u00e8re et essentielle. Si l\u2019on aborde une demande de miracle, dans notre vie, en <br>outant d\u2019embl\u00e9e que cela soit possible, aucune chance de voir quoi que se soit arriver !<br>> Le fait de se lever est second mais tout aussi essentiel : se bouger, sortir de son habitude, de sa posture, essayer de faire ce que l\u2019on n\u2019a jamais fait ou ce qui nous fait peur, voil\u00e0 ce qui peut rendre possible l\u2019av\u00e8nement d\u2019un miracle dans nos vies.<br>> Abordons avec confiance la semaine qui vient et osons sortir de nos habitudes ces prochains jours\u2026 qui sait ? Les miracles continuent, de nos jours.<\/strong><\/p>\n","protected":false},"excerpt":{"rendered":"<p>On appelle donc l\u2019aveugle, et on lui dit : \u00ab Confiance, l\u00e8ve-toi ;il t\u2019appelle. \u00bb L\u2019aveugle jeta son manteau, bondit et courut vers J\u00e9sus. (Marc 10, 49-50) > Ces quelques mots sont tir\u00e9s de la sc\u00e8ne de l\u2019aveugle-n\u00e9 \u00e0 qui J\u00e9sus rend la vue. Ce qui est int\u00e9ressant, dans les sc\u00e8nes de miracles relat\u00e9es par l\u2019Evangile, c\u2019est d\u2019observer ce qui rend le miracle possible. Ici, deux attitudes : la confiance d\u2019abord, le fait de se lever ensuite.> La confiance est premi\u00e8re et essentielle. Si l\u2019on aborde une demande de miracle, dans notre vie, en outant d\u2019embl\u00e9e que cela soit possible, aucune chance de voir quoi que se soit arriver !> \u2026 <a class=\"continue-reading-link\" href=\"https:\/\/levangilealecran.com\/?p=3129\"> Continue reading <span class=\"meta-nav\">&rarr; <\/span><\/a><\/p>\n","protected":false},"author":2005,"featured_media":0,"comment_status":"open","ping_status":"open","sticky":false,"template":"","format":"standard","meta":{"footnotes":""},"categories":[7],"tags":[],"class_list":["post-3129","post","type-post","status-publish","format-standard","hentry","category-marc"],"_links":{"self":[{"href":"https:\/\/levangilealecran.com\/index.php?rest_route=\/wp\/v2\/posts\/3129","targetHints":{"allow":["GET"]}}],"collection":[{"href":"https:\/\/levangilealecran.com\/index.php?rest_route=\/wp\/v2\/posts"}],"about":[{"href":"https:\/\/levangilealecran.com\/index.php?rest_route=\/wp\/v2\/types\/post"}],"author":[{"embeddable":true,"href":"https:\/\/levangilealecran.com\/index.php?rest_route=\/wp\/v2\/users\/2005"}],"replies":[{"embeddable":true,"href":"https:\/\/levangilealecran.com\/index.php?rest_route=%2Fwp%2Fv2%2Fcomments&post=3129"}],"version-history":[{"count":1,"href":"https:\/\/levangilealecran.com\/index.php?rest_route=\/wp\/v2\/posts\/3129\/revisions"}],"predecessor-version":[{"id":3131,"href":"https:\/\/levangilealecran.com\/index.php?rest_route=\/wp\/v2\/posts\/3129\/revisions\/3131"}],"wp:attachment":[{"href":"https:\/\/levangilealecran.com\/index.php?rest_route=%2Fwp%2Fv2%2Fmedia&parent=3129"}],"wp:term":[{"taxonomy":"category","embeddable":true,"href":"https:\/\/levangilealecran.com\/index.php?rest_route=%2Fwp%2Fv2%2Fcategories&post=3129"},{"taxonomy":"post_tag","embeddable":true,"href":"https:\/\/levangilealecran.com\/index.php?rest_route=%2Fwp%2Fv2%2Ftags&post=3129"}],"curies":[{"name":"wp","href":"https:\/\/api.w.org\/{rel}","templated":true}]}}