{"id":3126,"date":"2024-10-18T08:00:00","date_gmt":"2024-10-18T06:00:00","guid":{"rendered":"https:\/\/levangilealecran.com\/?p=3126"},"modified":"2024-10-17T17:39:30","modified_gmt":"2024-10-17T15:39:30","slug":"29e-dimanche-du-temps-ordinaire-b-20-octobre-2024","status":"publish","type":"post","link":"https:\/\/levangilealecran.com\/?p=3126","title":{"rendered":"29e dimanche du Temps ordinaire \u2013 B \u2013 20 octobre 2024"},"content":{"rendered":"\n<blockquote class=\"wp-block-quote is-layout-flow wp-block-quote-is-layout-flow\">\n<p class=\"wp-block-paragraph\">\u00ab Celui qui veut devenir grand parmi vous sera votre serviteur. \u00bb<\/p>\n<cite>(Marc 10,43)<\/cite><\/blockquote>\n\n\n\n<figure class=\"wp-block-image size-full is-resized\"><a href=\"https:\/\/levangilealecran.com\/wp-content\/uploads\/2024\/10\/Image1.jpg\"><img loading=\"lazy\" decoding=\"async\" width=\"758\" height=\"948\" src=\"https:\/\/levangilealecran.com\/wp-content\/uploads\/2024\/10\/Image1.jpg\" alt=\"\" class=\"wp-image-3127\" style=\"width:auto;height:600px\" srcset=\"https:\/\/levangilealecran.com\/wp-content\/uploads\/2024\/10\/Image1.jpg 758w, https:\/\/levangilealecran.com\/wp-content\/uploads\/2024\/10\/Image1-240x300.jpg 240w, https:\/\/levangilealecran.com\/wp-content\/uploads\/2024\/10\/Image1-120x150.jpg 120w\" sizes=\"auto, (max-width: 758px) 100vw, 758px\" \/><\/a><\/figure>\n\n\n\n<p class=\"wp-block-paragraph\"><strong>> En entendant la demande de Jacques et Jean, nous risquons de nous indigner tout comme les dix autres disciples. N\u2019est-ce pas l\u00e0 un \u00e9norme manque de tact, alors que J\u00e9sus venait de leur annoncer sa Passion ? Si quelqu\u2019un pouvait en \u00eatre offusqu\u00e9, ce serait bien Lui, le Ma\u00eetre. Mais non, il essaie patiemment de ramener \u00e0 la r\u00e9alit\u00e9 les deux fr\u00e8res \u00e9gar\u00e9s dans leur r\u00eave de grandeur. En vrai Ma\u00eetre, il a le souci de former ses disciples et s\u2019y montre comme leur serviteur. Adressant sa parole \u00e0 eux tous, il leur donne son propre comportement en exemple ; non pour se vanter, bien s\u00fbr, mais pour les inviter \u00e0 le suivre dans son abaissement, passage oblig\u00e9 avant la gloire du ciel.<br>> Et nous, apr\u00e8s avoir entendu et m\u00e9dit\u00e9 l\u2019\u00e9vangile de ce dimanche, quel impact aura-t-il sur notre vie, sur notre pri\u00e8re ? Quelle \u201cfaveur\u201c allons-nous demander \u00e0 J\u00e9sus ? A chacun d\u2019accueillir dans un c\u0153ur \u00e0 c\u0153ur simple et vrai le don qui lui aura \u00e9t\u00e9 pr\u00e9par\u00e9 et qui fera sa joie.<\/strong><\/p>\n","protected":false},"excerpt":{"rendered":"<p>\u00ab Celui qui veut devenir grand parmi vous sera votre serviteur. \u00bb (Marc 10,43) > En entendant la demande de Jacques et Jean, nous risquons de nous indigner tout comme les dix autres disciples. N\u2019est-ce pas l\u00e0 un \u00e9norme manque de tact, alors que J\u00e9sus venait de leur annoncer sa Passion ? Si quelqu\u2019un pouvait en \u00eatre offusqu\u00e9, ce serait bien Lui, le Ma\u00eetre. Mais non, il essaie patiemment de ramener \u00e0 la r\u00e9alit\u00e9 les deux fr\u00e8res \u00e9gar\u00e9s dans leur r\u00eave de grandeur. En vrai Ma\u00eetre, il a le souci de former ses disciples et s\u2019y montre comme leur serviteur. Adressant sa parole \u00e0 eux tous, il leur donne son \u2026 <a class=\"continue-reading-link\" href=\"https:\/\/levangilealecran.com\/?p=3126\"> Continue reading <span class=\"meta-nav\">&rarr; <\/span><\/a><\/p>\n","protected":false},"author":2005,"featured_media":0,"comment_status":"open","ping_status":"open","sticky":false,"template":"","format":"standard","meta":{"footnotes":""},"categories":[4,7],"tags":[424,58],"class_list":["post-3126","post","type-post","status-publish","format-standard","hentry","category-dimanche","category-marc","tag-recevoir","tag-servir"],"_links":{"self":[{"href":"https:\/\/levangilealecran.com\/index.php?rest_route=\/wp\/v2\/posts\/3126","targetHints":{"allow":["GET"]}}],"collection":[{"href":"https:\/\/levangilealecran.com\/index.php?rest_route=\/wp\/v2\/posts"}],"about":[{"href":"https:\/\/levangilealecran.com\/index.php?rest_route=\/wp\/v2\/types\/post"}],"author":[{"embeddable":true,"href":"https:\/\/levangilealecran.com\/index.php?rest_route=\/wp\/v2\/users\/2005"}],"replies":[{"embeddable":true,"href":"https:\/\/levangilealecran.com\/index.php?rest_route=%2Fwp%2Fv2%2Fcomments&post=3126"}],"version-history":[{"count":1,"href":"https:\/\/levangilealecran.com\/index.php?rest_route=\/wp\/v2\/posts\/3126\/revisions"}],"predecessor-version":[{"id":3128,"href":"https:\/\/levangilealecran.com\/index.php?rest_route=\/wp\/v2\/posts\/3126\/revisions\/3128"}],"wp:attachment":[{"href":"https:\/\/levangilealecran.com\/index.php?rest_route=%2Fwp%2Fv2%2Fmedia&parent=3126"}],"wp:term":[{"taxonomy":"category","embeddable":true,"href":"https:\/\/levangilealecran.com\/index.php?rest_route=%2Fwp%2Fv2%2Fcategories&post=3126"},{"taxonomy":"post_tag","embeddable":true,"href":"https:\/\/levangilealecran.com\/index.php?rest_route=%2Fwp%2Fv2%2Ftags&post=3126"}],"curies":[{"name":"wp","href":"https:\/\/api.w.org\/{rel}","templated":true}]}}