{"id":3122,"date":"2024-10-11T08:00:00","date_gmt":"2024-10-11T06:00:00","guid":{"rendered":"https:\/\/levangilealecran.com\/?p=3122"},"modified":"2024-10-09T22:09:48","modified_gmt":"2024-10-09T20:09:48","slug":"28e-dimanche-du-temps-ordinaire-b-13-octobre-2024","status":"publish","type":"post","link":"https:\/\/levangilealecran.com\/?p=3122","title":{"rendered":"28e dimanche du Temps ordinaire \u2013 B \u2013 13 octobre 2024"},"content":{"rendered":"\n<blockquote class=\"wp-block-quote is-layout-flow wp-block-quote-is-layout-flow\">\n<p class=\"wp-block-paragraph\">\u00ab Pierre dit \u00e0 J\u00e9sus : Et nous ? n\u2019avons-nous pas tout quitt\u00e9 pour te suivre \u00bb<\/p>\n<cite>(Marc 10, 28)<\/cite><\/blockquote>\n\n\n\n<figure class=\"wp-block-image size-full is-resized\"><a href=\"https:\/\/levangilealecran.com\/wp-content\/uploads\/2024\/10\/462522122_536273882430508_487387173132879620_n.jpg\"><img loading=\"lazy\" decoding=\"async\" width=\"526\" height=\"526\" src=\"https:\/\/levangilealecran.com\/wp-content\/uploads\/2024\/10\/462522122_536273882430508_487387173132879620_n.jpg\" alt=\"\" class=\"wp-image-3123\" style=\"width:600px\" srcset=\"https:\/\/levangilealecran.com\/wp-content\/uploads\/2024\/10\/462522122_536273882430508_487387173132879620_n.jpg 526w, https:\/\/levangilealecran.com\/wp-content\/uploads\/2024\/10\/462522122_536273882430508_487387173132879620_n-300x300.jpg 300w, https:\/\/levangilealecran.com\/wp-content\/uploads\/2024\/10\/462522122_536273882430508_487387173132879620_n-150x150.jpg 150w\" sizes=\"auto, (max-width: 526px) 100vw, 526px\" \/><\/a><\/figure>\n\n\n\n<p class=\"wp-block-paragraph\"><strong>> Alors que les disciples viennent d\u2019assister \u00e0 une sc\u00e8ne troublante &#8211; celle d\u2019un jeune homme qui repart tout triste apr\u00e8s sa rencontre avec J\u00e9sus \u2013 voil\u00e0 que le bouillant Pierre s\u2019inqui\u00e8te du sort qui sera le sien. Il entend bien faire valoir le fait qu\u2019il a tout quitt\u00e9 pour suivre J\u00e9sus. Pas seulement lui, mais aussi ses compagnons de route (Et nous ?). Ce faisant, Pierre montre une mani\u00e8re de faire qui est aussi, bien trop souvent, la n\u00f4tre : r\u00e9criminer, c\u2019est-\u00e0-dire manifester avec \u00e2pret\u00e9 et amertume son m\u00e9contentement. Cela r\u00e9v\u00e8le aussi que Pierre a une id\u00e9e pr\u00e9cise de ce qui est juste. Ne serait-ce pas aussi notre cas ?<br><br>> La r\u00e9ponse de J\u00e9sus montre que la justice de Dieu s\u2019\u00e9tablit sur d\u2019autres bases que celles de ce monde. La r\u00e9tribution au centuple promise par J\u00e9sus n\u2019est pas en proportion du \u00ab sacrifice \u00bb consenti. Tout l\u00e2cher \u00e0 cause de J\u00e9sus et de l\u2019Evangile est source de b\u00e9n\u00e9dictions maintenant et dans le si\u00e8cle \u00e0 venir.<br><br>> Suis-je pr\u00eat \u00e0 tout l\u00e2cher ?<\/strong><\/p>\n","protected":false},"excerpt":{"rendered":"<p>\u00ab Pierre dit \u00e0 J\u00e9sus : Et nous ? n\u2019avons-nous pas tout quitt\u00e9 pour te suivre \u00bb (Marc 10, 28) > Alors que les disciples viennent d\u2019assister \u00e0 une sc\u00e8ne troublante &#8211; celle d\u2019un jeune homme qui repart tout triste apr\u00e8s sa rencontre avec J\u00e9sus \u2013 voil\u00e0 que le bouillant Pierre s\u2019inqui\u00e8te du sort qui sera le sien. Il entend bien faire valoir le fait qu\u2019il a tout quitt\u00e9 pour suivre J\u00e9sus. Pas seulement lui, mais aussi ses compagnons de route (Et nous ?). Ce faisant, Pierre montre une mani\u00e8re de faire qui est aussi, bien trop souvent, la n\u00f4tre : r\u00e9criminer, c\u2019est-\u00e0-dire manifester avec \u00e2pret\u00e9 et amertume son m\u00e9contentement. \u2026 <a class=\"continue-reading-link\" href=\"https:\/\/levangilealecran.com\/?p=3122\"> Continue reading <span class=\"meta-nav\">&rarr; <\/span><\/a><\/p>\n","protected":false},"author":2005,"featured_media":0,"comment_status":"open","ping_status":"open","sticky":false,"template":"","format":"standard","meta":{"footnotes":""},"categories":[4,7],"tags":[],"class_list":["post-3122","post","type-post","status-publish","format-standard","hentry","category-dimanche","category-marc"],"_links":{"self":[{"href":"https:\/\/levangilealecran.com\/index.php?rest_route=\/wp\/v2\/posts\/3122","targetHints":{"allow":["GET"]}}],"collection":[{"href":"https:\/\/levangilealecran.com\/index.php?rest_route=\/wp\/v2\/posts"}],"about":[{"href":"https:\/\/levangilealecran.com\/index.php?rest_route=\/wp\/v2\/types\/post"}],"author":[{"embeddable":true,"href":"https:\/\/levangilealecran.com\/index.php?rest_route=\/wp\/v2\/users\/2005"}],"replies":[{"embeddable":true,"href":"https:\/\/levangilealecran.com\/index.php?rest_route=%2Fwp%2Fv2%2Fcomments&post=3122"}],"version-history":[{"count":1,"href":"https:\/\/levangilealecran.com\/index.php?rest_route=\/wp\/v2\/posts\/3122\/revisions"}],"predecessor-version":[{"id":3124,"href":"https:\/\/levangilealecran.com\/index.php?rest_route=\/wp\/v2\/posts\/3122\/revisions\/3124"}],"wp:attachment":[{"href":"https:\/\/levangilealecran.com\/index.php?rest_route=%2Fwp%2Fv2%2Fmedia&parent=3122"}],"wp:term":[{"taxonomy":"category","embeddable":true,"href":"https:\/\/levangilealecran.com\/index.php?rest_route=%2Fwp%2Fv2%2Fcategories&post=3122"},{"taxonomy":"post_tag","embeddable":true,"href":"https:\/\/levangilealecran.com\/index.php?rest_route=%2Fwp%2Fv2%2Ftags&post=3122"}],"curies":[{"name":"wp","href":"https:\/\/api.w.org\/{rel}","templated":true}]}}