{"id":3114,"date":"2024-09-27T08:00:00","date_gmt":"2024-09-27T06:00:00","guid":{"rendered":"https:\/\/levangilealecran.com\/?p=3114"},"modified":"2024-09-26T17:46:27","modified_gmt":"2024-09-26T15:46:27","slug":"__trashed","status":"publish","type":"post","link":"https:\/\/levangilealecran.com\/?p=3114","title":{"rendered":"26e dimanche du Temps ordinaire \u2013 B \u2013 29 septembre 2024"},"content":{"rendered":"\n<blockquote class=\"wp-block-quote is-layout-flow wp-block-quote-is-layout-flow\">\n<p class=\"wp-block-paragraph\">\u00ab Celui qui n\u2019est pas contre nous est pour nous. \u00bb<\/p>\n<cite>(Marc 9, 40)<\/cite><\/blockquote>\n\n\n\n<figure class=\"wp-block-image size-full is-resized\"><a href=\"https:\/\/levangilealecran.com\/wp-content\/uploads\/2024\/09\/banniere-002.jpg\"><img loading=\"lazy\" decoding=\"async\" width=\"1200\" height=\"1200\" src=\"https:\/\/levangilealecran.com\/wp-content\/uploads\/2024\/09\/banniere-002.jpg\" alt=\"\" class=\"wp-image-3115\" style=\"width:600px\" srcset=\"https:\/\/levangilealecran.com\/wp-content\/uploads\/2024\/09\/banniere-002.jpg 1200w, https:\/\/levangilealecran.com\/wp-content\/uploads\/2024\/09\/banniere-002-300x300.jpg 300w, https:\/\/levangilealecran.com\/wp-content\/uploads\/2024\/09\/banniere-002-1024x1024.jpg 1024w, https:\/\/levangilealecran.com\/wp-content\/uploads\/2024\/09\/banniere-002-150x150.jpg 150w, https:\/\/levangilealecran.com\/wp-content\/uploads\/2024\/09\/banniere-002-768x768.jpg 768w\" sizes=\"auto, (max-width: 1200px) 100vw, 1200px\" \/><\/a><\/figure>\n\n\n\n<p class=\"wp-block-paragraph\"><strong>> On pourrait intituler ce passage : \u00ab Qui ne saute pas n\u2019est pas chr\u00e9tien \u00bb, comme on le chante dans les stades par rapport \u00e0 son \u00e9quipe favorite ! Les disciples sont pris en flagrant d\u00e9lit de repli sur leur clan. Ils veulent savoir sous quelle banni\u00e8re se rattache cet homme qui chasse des esprits au nom de J\u00e9sus, mais sans suivre leur groupe. Pour eux, c\u2019est un peu facile de se r\u00e9clamer de J\u00e9sus sans emprunter les chemins difficiles sur lesquels Il les m\u00e8ne, non ? Ils versent insidieusement dans une forme de radicalit\u00e9. C\u2019est pourquoi J\u00e9sus les pousse \u00e0 retourner cette radicalit\u00e9 envers eux-m\u00eames : qu&rsquo;ont-ils \u00e0 trancher en eux qui est source de scandale, qui s\u00e8merait la zizanie et causerait la chute des \u00ab petits \u00bb que J\u00e9sus place toujours au centre ?<br>> Dans toutes nos querelles de clocher, nous oublions souvent les \u00ab petits \u00bb. Nous nous perdons dans des calculs et des r\u00e9flexes identitaires au lieu d\u2019\u00e9largir la voie de la Rencontre pour nos fr\u00e8res et s\u0153urs fatigu\u00e9s. Seigneur, je t\u2019en prie, remets de l\u2019ordre dans mes priorit\u00e9s. Aide-moi \u00e0 voir le Bien l\u00e0 o\u00f9 il se fait, au-del\u00e0 de mes propres crit\u00e8res de jugement. Amen.<\/strong><\/p>\n","protected":false},"excerpt":{"rendered":"<p>\u00ab Celui qui n\u2019est pas contre nous est pour nous. \u00bb (Marc 9, 40) > On pourrait intituler ce passage : \u00ab Qui ne saute pas n\u2019est pas chr\u00e9tien \u00bb, comme on le chante dans les stades par rapport \u00e0 son \u00e9quipe favorite ! Les disciples sont pris en flagrant d\u00e9lit de repli sur leur clan. Ils veulent savoir sous quelle banni\u00e8re se rattache cet homme qui chasse des esprits au nom de J\u00e9sus, mais sans suivre leur groupe. Pour eux, c\u2019est un peu facile de se r\u00e9clamer de J\u00e9sus sans emprunter les chemins difficiles sur lesquels Il les m\u00e8ne, non ? Ils versent insidieusement dans une forme de radicalit\u00e9. \u2026 <a class=\"continue-reading-link\" href=\"https:\/\/levangilealecran.com\/?p=3114\"> Continue reading <span class=\"meta-nav\">&rarr; <\/span><\/a><\/p>\n","protected":false},"author":2005,"featured_media":0,"comment_status":"open","ping_status":"open","sticky":false,"template":"","format":"standard","meta":{"footnotes":""},"categories":[4,7],"tags":[],"class_list":["post-3114","post","type-post","status-publish","format-standard","hentry","category-dimanche","category-marc"],"_links":{"self":[{"href":"https:\/\/levangilealecran.com\/index.php?rest_route=\/wp\/v2\/posts\/3114","targetHints":{"allow":["GET"]}}],"collection":[{"href":"https:\/\/levangilealecran.com\/index.php?rest_route=\/wp\/v2\/posts"}],"about":[{"href":"https:\/\/levangilealecran.com\/index.php?rest_route=\/wp\/v2\/types\/post"}],"author":[{"embeddable":true,"href":"https:\/\/levangilealecran.com\/index.php?rest_route=\/wp\/v2\/users\/2005"}],"replies":[{"embeddable":true,"href":"https:\/\/levangilealecran.com\/index.php?rest_route=%2Fwp%2Fv2%2Fcomments&post=3114"}],"version-history":[{"count":2,"href":"https:\/\/levangilealecran.com\/index.php?rest_route=\/wp\/v2\/posts\/3114\/revisions"}],"predecessor-version":[{"id":3117,"href":"https:\/\/levangilealecran.com\/index.php?rest_route=\/wp\/v2\/posts\/3114\/revisions\/3117"}],"wp:attachment":[{"href":"https:\/\/levangilealecran.com\/index.php?rest_route=%2Fwp%2Fv2%2Fmedia&parent=3114"}],"wp:term":[{"taxonomy":"category","embeddable":true,"href":"https:\/\/levangilealecran.com\/index.php?rest_route=%2Fwp%2Fv2%2Fcategories&post=3114"},{"taxonomy":"post_tag","embeddable":true,"href":"https:\/\/levangilealecran.com\/index.php?rest_route=%2Fwp%2Fv2%2Ftags&post=3114"}],"curies":[{"name":"wp","href":"https:\/\/api.w.org\/{rel}","templated":true}]}}