{"id":3107,"date":"2024-09-13T08:00:00","date_gmt":"2024-09-13T06:00:00","guid":{"rendered":"https:\/\/levangilealecran.com\/?p=3107"},"modified":"2024-09-13T01:03:36","modified_gmt":"2024-09-12T23:03:36","slug":"24e-dimanche-du-temps-ordinaire-b-15-septembre-2024","status":"publish","type":"post","link":"https:\/\/levangilealecran.com\/?p=3107","title":{"rendered":"24e dimanche du Temps ordinaire \u2013 B \u2013 15 septembre 2024"},"content":{"rendered":"\n<blockquote class=\"wp-block-quote is-layout-flow wp-block-quote-is-layout-flow\">\n<p class=\"wp-block-paragraph\"><em>\u00ab\u00a0Tes pens\u00e9es ne sont pas celles de Dieu, mais celles des hommes.\u00a0\u00bb<\/em><\/p>\n<cite><em>Marc 8,33<\/em><\/cite><\/blockquote>\n\n\n\n<figure class=\"wp-block-image size-large is-resized\"><a href=\"https:\/\/levangilealecran.com\/wp-content\/uploads\/2024\/09\/Image1.jpg\"><img loading=\"lazy\" decoding=\"async\" width=\"1024\" height=\"730\" src=\"https:\/\/levangilealecran.com\/wp-content\/uploads\/2024\/09\/Image1-1024x730.jpg\" alt=\"\" class=\"wp-image-3108\" style=\"width:596px\" srcset=\"https:\/\/levangilealecran.com\/wp-content\/uploads\/2024\/09\/Image1-1024x730.jpg 1024w, https:\/\/levangilealecran.com\/wp-content\/uploads\/2024\/09\/Image1-300x214.jpg 300w, https:\/\/levangilealecran.com\/wp-content\/uploads\/2024\/09\/Image1-768x547.jpg 768w, https:\/\/levangilealecran.com\/wp-content\/uploads\/2024\/09\/Image1-150x107.jpg 150w, https:\/\/levangilealecran.com\/wp-content\/uploads\/2024\/09\/Image1-210x150.jpg 210w, https:\/\/levangilealecran.com\/wp-content\/uploads\/2024\/09\/Image1.jpg 1267w\" sizes=\"auto, (max-width: 1024px) 100vw, 1024px\" \/><\/a><\/figure>\n\n\n\n<p class=\"wp-block-paragraph\"><strong>> Admettre que l\u2019\u00eatre le plus cher doive passer par des souffrances atroces et se faire tuer, serait-ce donc cela <em>avoir les pens\u00e9es de Dieu\u00a0<\/em>? Ce raccourci emp\u00eache de percevoir le myst\u00e8re qui sous-tend les paroles de J\u00e9sus. Car, ce que nous lisons l\u00e0, c\u2019est sa Parole et non pas un fait divers dans le journal.<br>Au fond, nous ressemblons tous \u2013 selon nos pens\u00e9es humaines &#8211; \u00e0 Pierre qui veut \u00e9viter ce drame \u00e0 J\u00e9sus, alors qu\u2019il vient de professer sa foi en J\u00e9sus Messie, d\u00e9connect\u00e9 dans sa pens\u00e9e de l\u2019image proph\u00e9tique du Serviteur souffrant (cf.Is 53). Et nous, comment le voyons-nous lorsque nous professons notre foi en disant le Credo\u00a0? Ou, \u00f4 merveille, lorsque nous entendons cet incomparable passage de la Messe en si de Bach\u00a0:<em>\u00ab\u00a0Crucifixus etiam pro nobis sub Pontio Pilato, passus et sepultus est.\u00a0\u00bb (\u00abCrucifi\u00e9 pour nous sous Ponce Pilate, il souffrit sa passion et fut mis au tombeau.\u00bb)<\/em><br>> S\u2019agissant de tellement plus que d\u2019un simple \u00e9nonc\u00e9 ou d\u2019une \u00e9motion visc\u00e9rale, ces mots nous engagent \u00e0 prendre conscience que J\u00e9sus a r\u00e9ellement travers\u00e9 les souffrances de sa Passion. Et que si nous, nous d\u00e9sirons marcher \u00e0 sa suite, la croix fera partie du chemin. Par amour pour Lui et pour l\u2019Evangile qui culminera dans la victoire du matin de P\u00e2ques.<\/strong><\/p>\n","protected":false},"excerpt":{"rendered":"<p>\u00ab\u00a0Tes pens\u00e9es ne sont pas celles de Dieu, mais celles des hommes.\u00a0\u00bb Marc 8,33 > Admettre que l\u2019\u00eatre le plus cher doive passer par des souffrances atroces et se faire tuer, serait-ce donc cela avoir les pens\u00e9es de Dieu\u00a0? Ce raccourci emp\u00eache de percevoir le myst\u00e8re qui sous-tend les paroles de J\u00e9sus. Car, ce que nous lisons l\u00e0, c\u2019est sa Parole et non pas un fait divers dans le journal.Au fond, nous ressemblons tous \u2013 selon nos pens\u00e9es humaines &#8211; \u00e0 Pierre qui veut \u00e9viter ce drame \u00e0 J\u00e9sus, alors qu\u2019il vient de professer sa foi en J\u00e9sus Messie, d\u00e9connect\u00e9 dans sa pens\u00e9e de l\u2019image proph\u00e9tique du Serviteur souffrant (cf.Is \u2026 <a class=\"continue-reading-link\" href=\"https:\/\/levangilealecran.com\/?p=3107\"> Continue reading <span class=\"meta-nav\">&rarr; <\/span><\/a><\/p>\n","protected":false},"author":2005,"featured_media":0,"comment_status":"open","ping_status":"open","sticky":false,"template":"","format":"standard","meta":{"footnotes":""},"categories":[1],"tags":[],"class_list":["post-3107","post","type-post","status-publish","format-standard","hentry","category-sanscategorie"],"_links":{"self":[{"href":"https:\/\/levangilealecran.com\/index.php?rest_route=\/wp\/v2\/posts\/3107","targetHints":{"allow":["GET"]}}],"collection":[{"href":"https:\/\/levangilealecran.com\/index.php?rest_route=\/wp\/v2\/posts"}],"about":[{"href":"https:\/\/levangilealecran.com\/index.php?rest_route=\/wp\/v2\/types\/post"}],"author":[{"embeddable":true,"href":"https:\/\/levangilealecran.com\/index.php?rest_route=\/wp\/v2\/users\/2005"}],"replies":[{"embeddable":true,"href":"https:\/\/levangilealecran.com\/index.php?rest_route=%2Fwp%2Fv2%2Fcomments&post=3107"}],"version-history":[{"count":1,"href":"https:\/\/levangilealecran.com\/index.php?rest_route=\/wp\/v2\/posts\/3107\/revisions"}],"predecessor-version":[{"id":3109,"href":"https:\/\/levangilealecran.com\/index.php?rest_route=\/wp\/v2\/posts\/3107\/revisions\/3109"}],"wp:attachment":[{"href":"https:\/\/levangilealecran.com\/index.php?rest_route=%2Fwp%2Fv2%2Fmedia&parent=3107"}],"wp:term":[{"taxonomy":"category","embeddable":true,"href":"https:\/\/levangilealecran.com\/index.php?rest_route=%2Fwp%2Fv2%2Fcategories&post=3107"},{"taxonomy":"post_tag","embeddable":true,"href":"https:\/\/levangilealecran.com\/index.php?rest_route=%2Fwp%2Fv2%2Ftags&post=3107"}],"curies":[{"name":"wp","href":"https:\/\/api.w.org\/{rel}","templated":true}]}}