{"id":3104,"date":"2024-09-06T08:00:00","date_gmt":"2024-09-06T06:00:00","guid":{"rendered":"https:\/\/levangilealecran.com\/?p=3104"},"modified":"2024-09-05T15:47:06","modified_gmt":"2024-09-05T13:47:06","slug":"23e-dimanche-du-temps-ordinaire-b-8-septembre-2024","status":"publish","type":"post","link":"https:\/\/levangilealecran.com\/?p=3104","title":{"rendered":"23e dimanche du Temps ordinaire \u2013 B \u2013 8 septembre 2024"},"content":{"rendered":"\n<blockquote class=\"wp-block-quote is-layout-flow wp-block-quote-is-layout-flow\">\n<p class=\"wp-block-paragraph\">\u00ab Il le prit \u00e0 part loin de la foule. \u00bb<\/p>\n<cite>(Marc 7, 33)<\/cite><\/blockquote>\n\n\n\n<figure class=\"wp-block-image size-full is-resized\"><a href=\"https:\/\/levangilealecran.com\/wp-content\/uploads\/2024\/09\/stencil.logo-large-6.png\"><img loading=\"lazy\" decoding=\"async\" width=\"1200\" height=\"1200\" src=\"https:\/\/levangilealecran.com\/wp-content\/uploads\/2024\/09\/stencil.logo-large-6.png\" alt=\"\" class=\"wp-image-3105\" style=\"width:600px\" srcset=\"https:\/\/levangilealecran.com\/wp-content\/uploads\/2024\/09\/stencil.logo-large-6.png 1200w, https:\/\/levangilealecran.com\/wp-content\/uploads\/2024\/09\/stencil.logo-large-6-300x300.png 300w, https:\/\/levangilealecran.com\/wp-content\/uploads\/2024\/09\/stencil.logo-large-6-1024x1024.png 1024w, https:\/\/levangilealecran.com\/wp-content\/uploads\/2024\/09\/stencil.logo-large-6-150x150.png 150w, https:\/\/levangilealecran.com\/wp-content\/uploads\/2024\/09\/stencil.logo-large-6-768x768.png 768w\" sizes=\"auto, (max-width: 1200px) 100vw, 1200px\" \/><\/a><\/figure>\n\n\n\n<h2 class=\"wp-block-heading\">UN T\u00caTE \u00c0 T\u00caTE BOULEVERSANT<\/h2>\n\n\n\n<p class=\"wp-block-paragraph\"><strong>> Dans la vie courante, on invoque la loi des s\u00e9ries pour rendre compte de la r\u00e9p\u00e9tition de calamit\u00e9s. Au centre de l\u2019\u00e9pisode qui nous est rapport\u00e9, l\u2019homme semble \u00eatre soumis \u00e0 cette loi. Il subit une double peine : il est sourd et, en plus, il a des difficult\u00e9s d\u2019\u00e9locution.<br>Des gens bien intentionn\u00e9s d\u00e9cident de prendre les choses en main, de prendre l\u2019homme en main. Il le conduise \u00e0 ce J\u00e9sus, sujet de tant de rumeurs. Que fait J\u00e9sus ? Il \u00e9conduit la foule. Car, l\u2019objectif de J\u00e9sus est de vivre un t\u00eate-\u00e0-t\u00eate avec le sourd. Ici, toute parole est inutile, l\u2019homme ne peut l\u2019entendre. La seule mani\u00e8re d\u2019entrer en contact avec lui, c\u2019est de vivre une exp\u00e9rience haptique, c\u2019est-\u00e0-dire \u00eatre touch\u00e9.<br>Cet homme le sera de plusieurs mani\u00e8res. J\u00e9sus va le toucher physiquement, d\u2019abord ext\u00e9rieurement (les doigts sur les oreilles) puis int\u00e9rieurement (la salive sur la langue). Ce toucher physique entra\u00eene une ouverture \u00e0 l\u2019autre. Le lien de sa langue est d\u00e9li\u00e9. Il est \u00e0 nouveau possible d\u2019entrer en relation avec l\u2019autre et l\u2019homme ne se prive pas de cette possibilit\u00e9 : il parlait distinctement, sans peine, ais\u00e9ment.<br>> Le lieu de cette sc\u00e8ne, c\u2019est l\u2019intimit\u00e9 propos\u00e9e par J\u00e9sus. Elle est aussi pour nous. N\u2019h\u00e9sitons pas un seul instant \u00e0 entrer dans ce lieu de l\u2019intimit\u00e9 avec J\u00e9sus : notre vie en sera boulevers\u00e9e.<\/strong><\/p>\n\n\n\n<hr class=\"wp-block-separator has-alpha-channel-opacity\"\/>\n","protected":false},"excerpt":{"rendered":"<p>\u00ab Il le prit \u00e0 part loin de la foule. \u00bb (Marc 7, 33) UN T\u00caTE \u00c0 T\u00caTE BOULEVERSANT > Dans la vie courante, on invoque la loi des s\u00e9ries pour rendre compte de la r\u00e9p\u00e9tition de calamit\u00e9s. Au centre de l\u2019\u00e9pisode qui nous est rapport\u00e9, l\u2019homme semble \u00eatre soumis \u00e0 cette loi. Il subit une double peine : il est sourd et, en plus, il a des difficult\u00e9s d\u2019\u00e9locution.Des gens bien intentionn\u00e9s d\u00e9cident de prendre les choses en main, de prendre l\u2019homme en main. Il le conduise \u00e0 ce J\u00e9sus, sujet de tant de rumeurs. Que fait J\u00e9sus ? Il \u00e9conduit la foule. Car, l\u2019objectif de J\u00e9sus est de \u2026 <a class=\"continue-reading-link\" href=\"https:\/\/levangilealecran.com\/?p=3104\"> Continue reading <span class=\"meta-nav\">&rarr; <\/span><\/a><\/p>\n","protected":false},"author":2005,"featured_media":0,"comment_status":"open","ping_status":"open","sticky":false,"template":"","format":"standard","meta":{"footnotes":""},"categories":[4,5],"tags":[],"class_list":["post-3104","post","type-post","status-publish","format-standard","hentry","category-dimanche","category-jean"],"_links":{"self":[{"href":"https:\/\/levangilealecran.com\/index.php?rest_route=\/wp\/v2\/posts\/3104","targetHints":{"allow":["GET"]}}],"collection":[{"href":"https:\/\/levangilealecran.com\/index.php?rest_route=\/wp\/v2\/posts"}],"about":[{"href":"https:\/\/levangilealecran.com\/index.php?rest_route=\/wp\/v2\/types\/post"}],"author":[{"embeddable":true,"href":"https:\/\/levangilealecran.com\/index.php?rest_route=\/wp\/v2\/users\/2005"}],"replies":[{"embeddable":true,"href":"https:\/\/levangilealecran.com\/index.php?rest_route=%2Fwp%2Fv2%2Fcomments&post=3104"}],"version-history":[{"count":1,"href":"https:\/\/levangilealecran.com\/index.php?rest_route=\/wp\/v2\/posts\/3104\/revisions"}],"predecessor-version":[{"id":3106,"href":"https:\/\/levangilealecran.com\/index.php?rest_route=\/wp\/v2\/posts\/3104\/revisions\/3106"}],"wp:attachment":[{"href":"https:\/\/levangilealecran.com\/index.php?rest_route=%2Fwp%2Fv2%2Fmedia&parent=3104"}],"wp:term":[{"taxonomy":"category","embeddable":true,"href":"https:\/\/levangilealecran.com\/index.php?rest_route=%2Fwp%2Fv2%2Fcategories&post=3104"},{"taxonomy":"post_tag","embeddable":true,"href":"https:\/\/levangilealecran.com\/index.php?rest_route=%2Fwp%2Fv2%2Ftags&post=3104"}],"curies":[{"name":"wp","href":"https:\/\/api.w.org\/{rel}","templated":true}]}}