{"id":3097,"date":"2024-08-23T08:00:00","date_gmt":"2024-08-23T06:00:00","guid":{"rendered":"https:\/\/levangilealecran.com\/?p=3097"},"modified":"2024-08-22T17:50:39","modified_gmt":"2024-08-22T15:50:39","slug":"21e-dimanche-du-temps-ordinaire-b-25-aout-2024","status":"publish","type":"post","link":"https:\/\/levangilealecran.com\/?p=3097","title":{"rendered":"21e dimanche du Temps ordinaire \u2013 B \u2013 25 ao\u00fbt 2024"},"content":{"rendered":"\n<blockquote class=\"wp-block-quote is-layout-flow wp-block-quote-is-layout-flow\">\n<p class=\"wp-block-paragraph\">\u00abC&rsquo;est l&rsquo;Esprit de Dieu qui donne la vie; l&rsquo;homme seul n&rsquo;aboutit \u00e0 rien. Les paroles que je vous ai dites sont Esprit et vie.\u00bb<\/p>\n<cite>(Jean 6. 63)<\/cite><\/blockquote>\n\n\n\n<figure class=\"wp-block-image size-full is-resized\"><a href=\"https:\/\/levangilealecran.com\/wp-content\/uploads\/2024\/08\/eale1000042471.jpg\"><img loading=\"lazy\" decoding=\"async\" width=\"1080\" height=\"810\" src=\"https:\/\/levangilealecran.com\/wp-content\/uploads\/2024\/08\/eale1000042471.jpg\" alt=\"\" class=\"wp-image-3098\" style=\"width:600px\" srcset=\"https:\/\/levangilealecran.com\/wp-content\/uploads\/2024\/08\/eale1000042471.jpg 1080w, https:\/\/levangilealecran.com\/wp-content\/uploads\/2024\/08\/eale1000042471-300x225.jpg 300w, https:\/\/levangilealecran.com\/wp-content\/uploads\/2024\/08\/eale1000042471-1024x768.jpg 1024w, https:\/\/levangilealecran.com\/wp-content\/uploads\/2024\/08\/eale1000042471-768x576.jpg 768w, https:\/\/levangilealecran.com\/wp-content\/uploads\/2024\/08\/eale1000042471-150x113.jpg 150w, https:\/\/levangilealecran.com\/wp-content\/uploads\/2024\/08\/eale1000042471-200x150.jpg 200w\" sizes=\"auto, (max-width: 1080px) 100vw, 1080px\" \/><\/a><figcaption class=\"wp-element-caption\"><em>(Cr\u00e9ation photo: Stella Maris Tessitore)<\/em><\/figcaption><\/figure>\n\n\n\n<p class=\"wp-block-paragraph\"><strong>> Lorsque nous doutons, que sommes d\u00e9courag\u00e9s, fatigu\u00e9s, ou r\u00e9volt\u00e9s \u00e0 cause des heurts de la vie, revenons \u00e0 cette parole de vie : \u00ab Vers qui irions-nous, tu as les paroles de la vie \u00e9ternelle ! \u00bb<br>Ces paroles nous ont donn\u00e9 la vie\u2026 Elles ont \u00e9t\u00e9 pr\u00e9sentes aux tournants de nos existences: paroles de bapt\u00eame, de confirmation ou encore de b\u00e9n\u00e9diction de mariage.<br>>Paroles-cadeaux qui r\u00e9sonnent encore et qu&rsquo;il s&rsquo;agit toujours de continuer \u00e0 incarner ici et maintenant !<br>\u00ab\u00a0<em>Seigneur,<br>Quand je me sens une \u00e9toile errante,<br>seule face \u00e0 l&rsquo;infini et au vertige de mes questions,<br>viens me souffler \u00e0 l&rsquo;oreille les paroles qui redonnent Vie.\u00a0\u00bb<\/em><\/strong><\/p>\n","protected":false},"excerpt":{"rendered":"<p>\u00abC&rsquo;est l&rsquo;Esprit de Dieu qui donne la vie; l&rsquo;homme seul n&rsquo;aboutit \u00e0 rien. Les paroles que je vous ai dites sont Esprit et vie.\u00bb (Jean 6. 63) > Lorsque nous doutons, que sommes d\u00e9courag\u00e9s, fatigu\u00e9s, ou r\u00e9volt\u00e9s \u00e0 cause des heurts de la vie, revenons \u00e0 cette parole de vie : \u00ab Vers qui irions-nous, tu as les paroles de la vie \u00e9ternelle ! \u00bbCes paroles nous ont donn\u00e9 la vie\u2026 Elles ont \u00e9t\u00e9 pr\u00e9sentes aux tournants de nos existences: paroles de bapt\u00eame, de confirmation ou encore de b\u00e9n\u00e9diction de mariage.>Paroles-cadeaux qui r\u00e9sonnent encore et qu&rsquo;il s&rsquo;agit toujours de continuer \u00e0 incarner ici et maintenant !\u00ab\u00a0Seigneur,Quand je me sens une \u2026 <a class=\"continue-reading-link\" href=\"https:\/\/levangilealecran.com\/?p=3097\"> Continue reading <span class=\"meta-nav\">&rarr; <\/span><\/a><\/p>\n","protected":false},"author":2005,"featured_media":0,"comment_status":"open","ping_status":"open","sticky":false,"template":"","format":"standard","meta":{"footnotes":""},"categories":[4,5],"tags":[],"class_list":["post-3097","post","type-post","status-publish","format-standard","hentry","category-dimanche","category-jean"],"_links":{"self":[{"href":"https:\/\/levangilealecran.com\/index.php?rest_route=\/wp\/v2\/posts\/3097","targetHints":{"allow":["GET"]}}],"collection":[{"href":"https:\/\/levangilealecran.com\/index.php?rest_route=\/wp\/v2\/posts"}],"about":[{"href":"https:\/\/levangilealecran.com\/index.php?rest_route=\/wp\/v2\/types\/post"}],"author":[{"embeddable":true,"href":"https:\/\/levangilealecran.com\/index.php?rest_route=\/wp\/v2\/users\/2005"}],"replies":[{"embeddable":true,"href":"https:\/\/levangilealecran.com\/index.php?rest_route=%2Fwp%2Fv2%2Fcomments&post=3097"}],"version-history":[{"count":1,"href":"https:\/\/levangilealecran.com\/index.php?rest_route=\/wp\/v2\/posts\/3097\/revisions"}],"predecessor-version":[{"id":3099,"href":"https:\/\/levangilealecran.com\/index.php?rest_route=\/wp\/v2\/posts\/3097\/revisions\/3099"}],"wp:attachment":[{"href":"https:\/\/levangilealecran.com\/index.php?rest_route=%2Fwp%2Fv2%2Fmedia&parent=3097"}],"wp:term":[{"taxonomy":"category","embeddable":true,"href":"https:\/\/levangilealecran.com\/index.php?rest_route=%2Fwp%2Fv2%2Fcategories&post=3097"},{"taxonomy":"post_tag","embeddable":true,"href":"https:\/\/levangilealecran.com\/index.php?rest_route=%2Fwp%2Fv2%2Ftags&post=3097"}],"curies":[{"name":"wp","href":"https:\/\/api.w.org\/{rel}","templated":true}]}}