{"id":3091,"date":"2024-08-16T00:49:50","date_gmt":"2024-08-15T22:49:50","guid":{"rendered":"https:\/\/levangilealecran.com\/?p=3091"},"modified":"2024-08-16T10:30:49","modified_gmt":"2024-08-16T08:30:49","slug":"20e-dimanche-du-temps-ordinaire-b-18-aout-2024","status":"publish","type":"post","link":"https:\/\/levangilealecran.com\/?p=3091","title":{"rendered":"20e dimanche du Temps ordinaire \u2013 B \u2013 18 ao\u00fbt 2024"},"content":{"rendered":"\n<blockquote class=\"wp-block-quote is-layout-flow wp-block-quote-is-layout-flow\">\n<p class=\"wp-block-paragraph\">\u00ab Moi, je suis le pain vivant, qui est descendu du ciel : si quelqu\u2019un mange de ce pain, il vivra \u00e9ternellement. \u00bb<\/p>\n<cite>(Jean 6, 51)<\/cite><\/blockquote>\n\n\n\n<figure class=\"wp-block-image size-full is-resized\"><a href=\"https:\/\/levangilealecran.com\/wp-content\/uploads\/2024\/08\/stencil.logo-large-4.png\"><img loading=\"lazy\" decoding=\"async\" width=\"1200\" height=\"1200\" src=\"https:\/\/levangilealecran.com\/wp-content\/uploads\/2024\/08\/stencil.logo-large-4.png\" alt=\"\" class=\"wp-image-3092\" style=\"width:600px\" srcset=\"https:\/\/levangilealecran.com\/wp-content\/uploads\/2024\/08\/stencil.logo-large-4.png 1200w, https:\/\/levangilealecran.com\/wp-content\/uploads\/2024\/08\/stencil.logo-large-4-300x300.png 300w, https:\/\/levangilealecran.com\/wp-content\/uploads\/2024\/08\/stencil.logo-large-4-1024x1024.png 1024w, https:\/\/levangilealecran.com\/wp-content\/uploads\/2024\/08\/stencil.logo-large-4-150x150.png 150w, https:\/\/levangilealecran.com\/wp-content\/uploads\/2024\/08\/stencil.logo-large-4-768x768.png 768w\" sizes=\"auto, (max-width: 1200px) 100vw, 1200px\" \/><\/a><\/figure>\n\n\n\n<p class=\"wp-block-paragraph\"><strong>> L&rsquo;adage \u00ab\u00a0Je suis ce que je mange\u00a0\u00bb prend une dimension spirituelle particuli\u00e8re dans les paroles de J\u00e9sus. En se pr\u00e9sentant comme le \u00ab\u00a0pain vivant\u00a0\u00bb, J\u00e9sus ne parle pas simplement de nourrir notre corps, mais de nourrir notre \u00e2me. Manger ce pain, c&rsquo;est int\u00e9grer en nous la vie de Christ, sa parole, son amour, et son sacrifice. Cela signifie que, tout comme la nourriture physique devient partie de notre corps, le Christ, en tant que nourriture spirituelle, transforme notre \u00eatre int\u00e9rieur, nous donnant la vie \u00e9ternelle.<br><br>Cette perspective nous invite \u00e0 r\u00e9fl\u00e9chir sur ce que nous laissons entrer en nous, non seulement physiquement mais aussi spirituellement. Si nous nourrissons notre esprit et notre c\u0153ur avec la vie de J\u00e9sus, nous devenons de plus en plus semblables \u00e0 lui. C&rsquo;est une transformation profonde qui nous invite \u00e0 vivre selon ses enseignements, \u00e0 partager son amour, et \u00e0 \u00eatre ses t\u00e9moins dans le monde.<br><br>> Cette semaine, posons-nous la question : que sommes-nous en train de \u00ab\u00a0manger\u00a0\u00bb spirituellement ? Accueillons-nous pleinement ce \u00ab\u00a0pain vivant\u00a0\u00bb pour que notre vie soit nourrie et transform\u00e9e par Christ ? Que cette nourriture spirituelle soit pour nous une source de vie, de force, et de renouvellement. Soyez b\u00e9nis.<\/strong><\/p>\n","protected":false},"excerpt":{"rendered":"<p>\u00ab Moi, je suis le pain vivant, qui est descendu du ciel : si quelqu\u2019un mange de ce pain, il vivra \u00e9ternellement. \u00bb (Jean 6, 51) > L&rsquo;adage \u00ab\u00a0Je suis ce que je mange\u00a0\u00bb prend une dimension spirituelle particuli\u00e8re dans les paroles de J\u00e9sus. En se pr\u00e9sentant comme le \u00ab\u00a0pain vivant\u00a0\u00bb, J\u00e9sus ne parle pas simplement de nourrir notre corps, mais de nourrir notre \u00e2me. Manger ce pain, c&rsquo;est int\u00e9grer en nous la vie de Christ, sa parole, son amour, et son sacrifice. Cela signifie que, tout comme la nourriture physique devient partie de notre corps, le Christ, en tant que nourriture spirituelle, transforme notre \u00eatre int\u00e9rieur, nous donnant la \u2026 <a class=\"continue-reading-link\" href=\"https:\/\/levangilealecran.com\/?p=3091\"> Continue reading <span class=\"meta-nav\">&rarr; <\/span><\/a><\/p>\n","protected":false},"author":2005,"featured_media":0,"comment_status":"open","ping_status":"open","sticky":false,"template":"","format":"standard","meta":{"footnotes":""},"categories":[4,5],"tags":[],"class_list":["post-3091","post","type-post","status-publish","format-standard","hentry","category-dimanche","category-jean"],"_links":{"self":[{"href":"https:\/\/levangilealecran.com\/index.php?rest_route=\/wp\/v2\/posts\/3091","targetHints":{"allow":["GET"]}}],"collection":[{"href":"https:\/\/levangilealecran.com\/index.php?rest_route=\/wp\/v2\/posts"}],"about":[{"href":"https:\/\/levangilealecran.com\/index.php?rest_route=\/wp\/v2\/types\/post"}],"author":[{"embeddable":true,"href":"https:\/\/levangilealecran.com\/index.php?rest_route=\/wp\/v2\/users\/2005"}],"replies":[{"embeddable":true,"href":"https:\/\/levangilealecran.com\/index.php?rest_route=%2Fwp%2Fv2%2Fcomments&post=3091"}],"version-history":[{"count":2,"href":"https:\/\/levangilealecran.com\/index.php?rest_route=\/wp\/v2\/posts\/3091\/revisions"}],"predecessor-version":[{"id":3095,"href":"https:\/\/levangilealecran.com\/index.php?rest_route=\/wp\/v2\/posts\/3091\/revisions\/3095"}],"wp:attachment":[{"href":"https:\/\/levangilealecran.com\/index.php?rest_route=%2Fwp%2Fv2%2Fmedia&parent=3091"}],"wp:term":[{"taxonomy":"category","embeddable":true,"href":"https:\/\/levangilealecran.com\/index.php?rest_route=%2Fwp%2Fv2%2Fcategories&post=3091"},{"taxonomy":"post_tag","embeddable":true,"href":"https:\/\/levangilealecran.com\/index.php?rest_route=%2Fwp%2Fv2%2Ftags&post=3091"}],"curies":[{"name":"wp","href":"https:\/\/api.w.org\/{rel}","templated":true}]}}