{"id":3087,"date":"2024-08-09T08:00:00","date_gmt":"2024-08-09T06:00:00","guid":{"rendered":"https:\/\/levangilealecran.com\/?p=3087"},"modified":"2024-07-13T00:29:41","modified_gmt":"2024-07-12T22:29:41","slug":"19e-dimanche-du-temps-ordinaire-b-11-aout-2024","status":"publish","type":"post","link":"https:\/\/levangilealecran.com\/?p=3087","title":{"rendered":"19e dimanche du Temps ordinaire \u2013 B \u2013 11 ao\u00fbt 2024"},"content":{"rendered":"\n<blockquote class=\"wp-block-quote is-layout-flow wp-block-quote-is-layout-flow\">\n<p class=\"wp-block-paragraph\">\u00ab Quiconque a entendu le P\u00e8re et re\u00e7u son enseignement vient \u00e0 moi. \u00bb<\/p>\n<cite>(Jean 6,45b)<\/cite><\/blockquote>\n\n\n\n<figure class=\"wp-block-image size-full is-resized\"><a href=\"https:\/\/levangilealecran.com\/wp-content\/uploads\/2024\/07\/Image1.jpg\"><img loading=\"lazy\" decoding=\"async\" width=\"1002\" height=\"769\" src=\"https:\/\/levangilealecran.com\/wp-content\/uploads\/2024\/07\/Image1.jpg\" alt=\"\" class=\"wp-image-3088\" style=\"width:600px\" srcset=\"https:\/\/levangilealecran.com\/wp-content\/uploads\/2024\/07\/Image1.jpg 1002w, https:\/\/levangilealecran.com\/wp-content\/uploads\/2024\/07\/Image1-300x230.jpg 300w, https:\/\/levangilealecran.com\/wp-content\/uploads\/2024\/07\/Image1-768x589.jpg 768w, https:\/\/levangilealecran.com\/wp-content\/uploads\/2024\/07\/Image1-150x115.jpg 150w, https:\/\/levangilealecran.com\/wp-content\/uploads\/2024\/07\/Image1-195x150.jpg 195w\" sizes=\"auto, (max-width: 1002px) 100vw, 1002px\" \/><\/a><\/figure>\n\n\n\n<p class=\"wp-block-paragraph\"><strong>> Durant tout ce chapitre 6 de Jean, J\u00e9sus se pr\u00e9sente comme le PAIN. En cela, il ne se met pas en sc\u00e8ne lui-m\u00eame, car il se re\u00e7oit sans cesse de son P\u00e8re qui seul peut nous attirer vers le Fils, pain descendu du ciel, VERBE sorti du sein du P\u00e8re et venu dans le monde pour qu\u2019en lui nous ayons la vie.<br>J\u00e9sus se donne en nourriture, non seulement sous la forme du pain eucharistique offert lorsque nous c\u00e9l\u00e9brons la sainte C\u00e8ne, mais dans toutes les circonstances de notre vie. Il est la Parole qui nourrit notre foi ; il nous tient debout par sa pr\u00e9sence que l\u2019Esprit assure continuellement dans nos c\u0153urs ; il est le pauvre au bord du chemin.<br><br>> Durant cette semaine, (et durant tout ce temps de la lecture de Jean 6), gardons vivant la conscience de sa pr\u00e9sence en nous et en toute chose. Laissons-nous attirer vers lui par le P\u00e8re qui, en nous envoyant son Bienaim\u00e9, nous donne chaque jour le pain n\u00e9cessaire.<\/strong><\/p>\n","protected":false},"excerpt":{"rendered":"<p>\u00ab Quiconque a entendu le P\u00e8re et re\u00e7u son enseignement vient \u00e0 moi. \u00bb (Jean 6,45b) > Durant tout ce chapitre 6 de Jean, J\u00e9sus se pr\u00e9sente comme le PAIN. En cela, il ne se met pas en sc\u00e8ne lui-m\u00eame, car il se re\u00e7oit sans cesse de son P\u00e8re qui seul peut nous attirer vers le Fils, pain descendu du ciel, VERBE sorti du sein du P\u00e8re et venu dans le monde pour qu\u2019en lui nous ayons la vie.J\u00e9sus se donne en nourriture, non seulement sous la forme du pain eucharistique offert lorsque nous c\u00e9l\u00e9brons la sainte C\u00e8ne, mais dans toutes les circonstances de notre vie. Il est la Parole \u2026 <a class=\"continue-reading-link\" href=\"https:\/\/levangilealecran.com\/?p=3087\"> Continue reading <span class=\"meta-nav\">&rarr; <\/span><\/a><\/p>\n","protected":false},"author":2005,"featured_media":0,"comment_status":"open","ping_status":"open","sticky":false,"template":"","format":"standard","meta":{"footnotes":""},"categories":[4,5],"tags":[],"class_list":["post-3087","post","type-post","status-publish","format-standard","hentry","category-dimanche","category-jean"],"_links":{"self":[{"href":"https:\/\/levangilealecran.com\/index.php?rest_route=\/wp\/v2\/posts\/3087","targetHints":{"allow":["GET"]}}],"collection":[{"href":"https:\/\/levangilealecran.com\/index.php?rest_route=\/wp\/v2\/posts"}],"about":[{"href":"https:\/\/levangilealecran.com\/index.php?rest_route=\/wp\/v2\/types\/post"}],"author":[{"embeddable":true,"href":"https:\/\/levangilealecran.com\/index.php?rest_route=\/wp\/v2\/users\/2005"}],"replies":[{"embeddable":true,"href":"https:\/\/levangilealecran.com\/index.php?rest_route=%2Fwp%2Fv2%2Fcomments&post=3087"}],"version-history":[{"count":1,"href":"https:\/\/levangilealecran.com\/index.php?rest_route=\/wp\/v2\/posts\/3087\/revisions"}],"predecessor-version":[{"id":3089,"href":"https:\/\/levangilealecran.com\/index.php?rest_route=\/wp\/v2\/posts\/3087\/revisions\/3089"}],"wp:attachment":[{"href":"https:\/\/levangilealecran.com\/index.php?rest_route=%2Fwp%2Fv2%2Fmedia&parent=3087"}],"wp:term":[{"taxonomy":"category","embeddable":true,"href":"https:\/\/levangilealecran.com\/index.php?rest_route=%2Fwp%2Fv2%2Fcategories&post=3087"},{"taxonomy":"post_tag","embeddable":true,"href":"https:\/\/levangilealecran.com\/index.php?rest_route=%2Fwp%2Fv2%2Ftags&post=3087"}],"curies":[{"name":"wp","href":"https:\/\/api.w.org\/{rel}","templated":true}]}}