{"id":3084,"date":"2024-08-02T08:00:00","date_gmt":"2024-08-02T06:00:00","guid":{"rendered":"https:\/\/levangilealecran.com\/?p=3084"},"modified":"2024-07-12T17:50:45","modified_gmt":"2024-07-12T15:50:45","slug":"18e-dimanche-du-temps-ordinaire-b-4-aout-2024","status":"publish","type":"post","link":"https:\/\/levangilealecran.com\/?p=3084","title":{"rendered":"18e dimanche du Temps ordinaire \u2013 B \u2013 4 ao\u00fbt 2024"},"content":{"rendered":"\n<blockquote class=\"wp-block-quote is-layout-flow wp-block-quote-is-layout-flow\">\n<p class=\"wp-block-paragraph\">\u00ab\u00a0Rabbi, quand es-tu venu ici ? Quelle \u0153uvre fais-tu ? Que ferons-nous pour faire les \u0153uvres de Dieu ?\u00a0\u00bb<\/p>\n<cite>Jean 6, 24-35<\/cite><\/blockquote>\n\n\n\n<figure class=\"wp-block-image size-full is-resized\"><a href=\"https:\/\/levangilealecran.com\/wp-content\/uploads\/2024\/07\/450262228_477361961655034_2133816519660243256_n.jpg\"><img loading=\"lazy\" decoding=\"async\" width=\"1147\" height=\"1147\" src=\"https:\/\/levangilealecran.com\/wp-content\/uploads\/2024\/07\/450262228_477361961655034_2133816519660243256_n.jpg\" alt=\"\" class=\"wp-image-3085\" style=\"width:600px\" srcset=\"https:\/\/levangilealecran.com\/wp-content\/uploads\/2024\/07\/450262228_477361961655034_2133816519660243256_n.jpg 1147w, https:\/\/levangilealecran.com\/wp-content\/uploads\/2024\/07\/450262228_477361961655034_2133816519660243256_n-300x300.jpg 300w, https:\/\/levangilealecran.com\/wp-content\/uploads\/2024\/07\/450262228_477361961655034_2133816519660243256_n-1024x1024.jpg 1024w, https:\/\/levangilealecran.com\/wp-content\/uploads\/2024\/07\/450262228_477361961655034_2133816519660243256_n-150x150.jpg 150w, https:\/\/levangilealecran.com\/wp-content\/uploads\/2024\/07\/450262228_477361961655034_2133816519660243256_n-768x768.jpg 768w\" sizes=\"auto, (max-width: 1147px) 100vw, 1147px\" \/><\/a><\/figure>\n\n\n\n<p class=\"wp-block-paragraph\"><strong>> Voil\u00e0 une foule bien curieuse ! Elle est rest\u00e9e sur sa faim. \u00d4 pas une faim physique, elle qui vient d\u2019\u00eatre nourrie par J\u00e9sus qui l\u2019a laiss\u00e9e en plan pour se retirer dans la montagne et prier le P\u00e8re. En marchant sur l\u2019eau, J\u00e9sus a rejoint ses disciples \u00e0 Capharna\u00fcm \u2013 la ville du chaos.<br>Apr\u00e8s avoir men\u00e9 son enqu\u00eate et constat\u00e9 que J\u00e9sus et ses disciples ne sont plus l\u00e0, la foule s\u2019en va sur l\u2019autre rive, \u00e0 Capharna\u00fcm. Elle est bien d\u00e9cid\u00e9e \u00e0 \u00e9lucider ce myst\u00e8re. Quand elle a trouv\u00e9 J\u00e9sus, elle lui pose trois questions : sur son emploi du temps, sur ce qu\u2019il fabrique, et sur ce qu\u2019elle doit faire ? J\u00e9sus leur fait des r\u00e9ponses assez d\u00e9cal\u00e9es : rien sur son emploi du temps, pas plus que sur son \u0153uvre enfin pour toute liste de choses \u00e0 faire, la foule ne re\u00e7oit qu\u2019une invitation \u00e0 croire. Curieuses r\u00e9ponses en v\u00e9rit\u00e9 !<br>> Dans ce passage, des informations pr\u00e9cieuses nous sont propos\u00e9es (J\u00e9sus pain de vie par exemple). Retenons surtout que ce sont les questions qui ont mis la foule en mouvement. Laissons-nous porter par les questions qui montent en nous et\u2026 par les r\u00e9ponses d\u00e9cal\u00e9es tant dans le temps que dans leur contenu ! Nul doute que J\u00e9sus conduira tout \u00e0 bien car l\u2019Eternel a form\u00e9 pour toi des projets de paix et non de malheur. J\u00e9r\u00e9mie 29, 11<\/strong><\/p>\n","protected":false},"excerpt":{"rendered":"<p>\u00ab\u00a0Rabbi, quand es-tu venu ici ? Quelle \u0153uvre fais-tu ? Que ferons-nous pour faire les \u0153uvres de Dieu ?\u00a0\u00bb Jean 6, 24-35 > Voil\u00e0 une foule bien curieuse ! Elle est rest\u00e9e sur sa faim. \u00d4 pas une faim physique, elle qui vient d\u2019\u00eatre nourrie par J\u00e9sus qui l\u2019a laiss\u00e9e en plan pour se retirer dans la montagne et prier le P\u00e8re. En marchant sur l\u2019eau, J\u00e9sus a rejoint ses disciples \u00e0 Capharna\u00fcm \u2013 la ville du chaos.Apr\u00e8s avoir men\u00e9 son enqu\u00eate et constat\u00e9 que J\u00e9sus et ses disciples ne sont plus l\u00e0, la foule s\u2019en va sur l\u2019autre rive, \u00e0 Capharna\u00fcm. Elle est bien d\u00e9cid\u00e9e \u00e0 \u00e9lucider ce myst\u00e8re. \u2026 <a class=\"continue-reading-link\" href=\"https:\/\/levangilealecran.com\/?p=3084\"> Continue reading <span class=\"meta-nav\">&rarr; <\/span><\/a><\/p>\n","protected":false},"author":2005,"featured_media":0,"comment_status":"open","ping_status":"open","sticky":false,"template":"","format":"standard","meta":{"footnotes":""},"categories":[4,5],"tags":[],"class_list":["post-3084","post","type-post","status-publish","format-standard","hentry","category-dimanche","category-jean"],"_links":{"self":[{"href":"https:\/\/levangilealecran.com\/index.php?rest_route=\/wp\/v2\/posts\/3084","targetHints":{"allow":["GET"]}}],"collection":[{"href":"https:\/\/levangilealecran.com\/index.php?rest_route=\/wp\/v2\/posts"}],"about":[{"href":"https:\/\/levangilealecran.com\/index.php?rest_route=\/wp\/v2\/types\/post"}],"author":[{"embeddable":true,"href":"https:\/\/levangilealecran.com\/index.php?rest_route=\/wp\/v2\/users\/2005"}],"replies":[{"embeddable":true,"href":"https:\/\/levangilealecran.com\/index.php?rest_route=%2Fwp%2Fv2%2Fcomments&post=3084"}],"version-history":[{"count":1,"href":"https:\/\/levangilealecran.com\/index.php?rest_route=\/wp\/v2\/posts\/3084\/revisions"}],"predecessor-version":[{"id":3086,"href":"https:\/\/levangilealecran.com\/index.php?rest_route=\/wp\/v2\/posts\/3084\/revisions\/3086"}],"wp:attachment":[{"href":"https:\/\/levangilealecran.com\/index.php?rest_route=%2Fwp%2Fv2%2Fmedia&parent=3084"}],"wp:term":[{"taxonomy":"category","embeddable":true,"href":"https:\/\/levangilealecran.com\/index.php?rest_route=%2Fwp%2Fv2%2Fcategories&post=3084"},{"taxonomy":"post_tag","embeddable":true,"href":"https:\/\/levangilealecran.com\/index.php?rest_route=%2Fwp%2Fv2%2Ftags&post=3084"}],"curies":[{"name":"wp","href":"https:\/\/api.w.org\/{rel}","templated":true}]}}