{"id":3081,"date":"2024-07-19T08:00:00","date_gmt":"2024-07-19T06:00:00","guid":{"rendered":"https:\/\/levangilealecran.com\/?p=3081"},"modified":"2024-07-12T17:26:30","modified_gmt":"2024-07-12T15:26:30","slug":"16e-dimanche-du-temps-ordinaire-b-21-juillet-2024","status":"publish","type":"post","link":"https:\/\/levangilealecran.com\/?p=3081","title":{"rendered":"16e dimanche du Temps ordinaire \u2013 B \u2013 21 juillet 2024"},"content":{"rendered":"\n<blockquote class=\"wp-block-quote is-layout-flow wp-block-quote-is-layout-flow\">\n<p class=\"wp-block-paragraph\">\u00abVenez seuls dans un endroit d\u00e9sert et reposez-vous un instant. \u00bb<\/p>\n<cite>(Marc 6.30)<\/cite><\/blockquote>\n\n\n\n<figure class=\"wp-block-image size-full is-resized\"><a href=\"https:\/\/levangilealecran.com\/wp-content\/uploads\/2024\/07\/pexels-atahandemir-7204553-scaled.jpg\"><img loading=\"lazy\" decoding=\"async\" width=\"2560\" height=\"2560\" src=\"https:\/\/levangilealecran.com\/wp-content\/uploads\/2024\/07\/pexels-atahandemir-7204553-scaled.jpg\" alt=\"\" class=\"wp-image-3082\" style=\"width:600px\" srcset=\"https:\/\/levangilealecran.com\/wp-content\/uploads\/2024\/07\/pexels-atahandemir-7204553-scaled.jpg 2560w, https:\/\/levangilealecran.com\/wp-content\/uploads\/2024\/07\/pexels-atahandemir-7204553-300x300.jpg 300w, https:\/\/levangilealecran.com\/wp-content\/uploads\/2024\/07\/pexels-atahandemir-7204553-1024x1024.jpg 1024w, https:\/\/levangilealecran.com\/wp-content\/uploads\/2024\/07\/pexels-atahandemir-7204553-150x150.jpg 150w, https:\/\/levangilealecran.com\/wp-content\/uploads\/2024\/07\/pexels-atahandemir-7204553-768x768.jpg 768w, https:\/\/levangilealecran.com\/wp-content\/uploads\/2024\/07\/pexels-atahandemir-7204553-1536x1536.jpg 1536w, https:\/\/levangilealecran.com\/wp-content\/uploads\/2024\/07\/pexels-atahandemir-7204553-2048x2048.jpg 2048w, https:\/\/levangilealecran.com\/wp-content\/uploads\/2024\/07\/pexels-atahandemir-7204553-1320x1320.jpg 1320w\" sizes=\"auto, (max-width: 2560px) 100vw, 2560px\" \/><\/a><\/figure>\n\n\n\n<p class=\"wp-block-paragraph\">> <strong>J\u2019entends cet appel de J\u00e9sus \u00e0 ses ap\u00f4tres pour vivre une courte retraite. Ils souhaiteraient lui faire le d\u00e9compte minutieux de leurs bonnes actions par le menu, et j\u2019ai comme l\u2019impression qu\u2019il coupe court \u00e0 leur f\u00e9brilit\u00e9. Venez, reposez-vous, mettez du temps \u00e0 part pour vous-m\u00eame, cela aussi est sacr\u00e9 et le repos ici n\u2019est pas m\u00e9rit\u00e9, c\u2019est un droit\u2026.peut-\u00eatre m\u00eame un devoir ??<br>Comme on laisse reposer une p\u00e2te pour qu\u2019agisse le levain, c\u2019est une invitation \u00e0 d\u00e9brayer ! Que l\u2019on peut entendre avec force en ce mois de juillet qui voit approcher le temps des vacances.<br>Mais voil\u00e0 que le temps de retraite pr\u00e9vu est interrompu par la foule qui s\u2019est pr\u00e9cipit\u00e9e pour trouver J\u00e9sus. Et lui, il r\u00e9agit avec compassion, car en voyant leur situation, il est \u00e9mu par leur soif d\u2019enseignement. Cela m\u2019invite \u00e0 r\u00e9fl\u00e9chir \u00e0 ce fragile \u00e9quilibre entre prendre du repos et rester n\u00e9anmoins en disponibilit\u00e9 de c\u0153ur pour les \u00ab urgences \u00bb , pour l\u2019appel qui peut se pr\u00e9senter \u00e0 moi, m\u00eame au c\u0153ur de mes vacances : comme il est difficile de choisir d\u2019y r\u00e9pondre ou pas !!<br>> Seigneur, avec le rythme de la vie et ses nombreuses exigences, puissions-nous avoir la sagesse de prendre du temps au calme, pour retrouver du recul, de l&rsquo;\u00e9nergie et de l&rsquo;\u00e9quilibre\u2026 Mais donne-nous aussi le discernement de ne pas mettre la compassion sous l\u2019\u00e9teignoir et de savoir rester dans une juste disponibilit\u00e9 du c\u0153ur, lorsque les choses ne se d\u00e9roulent pas comme pr\u00e9vu.<br>Bel \u00e9t\u00e9 \u00e0 chacun !<\/strong><\/p>\n","protected":false},"excerpt":{"rendered":"<p>\u00abVenez seuls dans un endroit d\u00e9sert et reposez-vous un instant. \u00bb (Marc 6.30) > J\u2019entends cet appel de J\u00e9sus \u00e0 ses ap\u00f4tres pour vivre une courte retraite. Ils souhaiteraient lui faire le d\u00e9compte minutieux de leurs bonnes actions par le menu, et j\u2019ai comme l\u2019impression qu\u2019il coupe court \u00e0 leur f\u00e9brilit\u00e9. Venez, reposez-vous, mettez du temps \u00e0 part pour vous-m\u00eame, cela aussi est sacr\u00e9 et le repos ici n\u2019est pas m\u00e9rit\u00e9, c\u2019est un droit\u2026.peut-\u00eatre m\u00eame un devoir ??Comme on laisse reposer une p\u00e2te pour qu\u2019agisse le levain, c\u2019est une invitation \u00e0 d\u00e9brayer ! Que l\u2019on peut entendre avec force en ce mois de juillet qui voit approcher le temps des \u2026 <a class=\"continue-reading-link\" href=\"https:\/\/levangilealecran.com\/?p=3081\"> Continue reading <span class=\"meta-nav\">&rarr; <\/span><\/a><\/p>\n","protected":false},"author":2005,"featured_media":0,"comment_status":"open","ping_status":"open","sticky":false,"template":"","format":"standard","meta":{"footnotes":""},"categories":[4,7],"tags":[],"class_list":["post-3081","post","type-post","status-publish","format-standard","hentry","category-dimanche","category-marc"],"_links":{"self":[{"href":"https:\/\/levangilealecran.com\/index.php?rest_route=\/wp\/v2\/posts\/3081","targetHints":{"allow":["GET"]}}],"collection":[{"href":"https:\/\/levangilealecran.com\/index.php?rest_route=\/wp\/v2\/posts"}],"about":[{"href":"https:\/\/levangilealecran.com\/index.php?rest_route=\/wp\/v2\/types\/post"}],"author":[{"embeddable":true,"href":"https:\/\/levangilealecran.com\/index.php?rest_route=\/wp\/v2\/users\/2005"}],"replies":[{"embeddable":true,"href":"https:\/\/levangilealecran.com\/index.php?rest_route=%2Fwp%2Fv2%2Fcomments&post=3081"}],"version-history":[{"count":1,"href":"https:\/\/levangilealecran.com\/index.php?rest_route=\/wp\/v2\/posts\/3081\/revisions"}],"predecessor-version":[{"id":3083,"href":"https:\/\/levangilealecran.com\/index.php?rest_route=\/wp\/v2\/posts\/3081\/revisions\/3083"}],"wp:attachment":[{"href":"https:\/\/levangilealecran.com\/index.php?rest_route=%2Fwp%2Fv2%2Fmedia&parent=3081"}],"wp:term":[{"taxonomy":"category","embeddable":true,"href":"https:\/\/levangilealecran.com\/index.php?rest_route=%2Fwp%2Fv2%2Fcategories&post=3081"},{"taxonomy":"post_tag","embeddable":true,"href":"https:\/\/levangilealecran.com\/index.php?rest_route=%2Fwp%2Fv2%2Ftags&post=3081"}],"curies":[{"name":"wp","href":"https:\/\/api.w.org\/{rel}","templated":true}]}}