{"id":3075,"date":"2024-07-05T08:00:00","date_gmt":"2024-07-05T06:00:00","guid":{"rendered":"https:\/\/levangilealecran.com\/?p=3075"},"modified":"2024-07-04T17:21:31","modified_gmt":"2024-07-04T15:21:31","slug":"14e-dimanche-du-temps-ordinaire-b-7-juillet-2024","status":"publish","type":"post","link":"https:\/\/levangilealecran.com\/?p=3075","title":{"rendered":"14e dimanche du Temps ordinaire \u2013 B \u2013 7 juillet 2024"},"content":{"rendered":"\n<blockquote class=\"wp-block-quote is-layout-flow wp-block-quote-is-layout-flow\">\n<p class=\"wp-block-paragraph\">\u00ab Quelle est cette sagesse qui lui a \u00e9t\u00e9 donn\u00e9e, et ces grands miracles qui se r\u00e9alisent par ses mains ? N\u2019est-il pas le charpentier ? \u00bb<\/p>\n<cite>Mc 6,2-3<\/cite><\/blockquote>\n\n\n\n<figure class=\"wp-block-image size-full is-resized\"><a href=\"https:\/\/levangilealecran.com\/wp-content\/uploads\/2024\/07\/image.png\"><img loading=\"lazy\" decoding=\"async\" width=\"773\" height=\"521\" src=\"https:\/\/levangilealecran.com\/wp-content\/uploads\/2024\/07\/image.png\" alt=\"\" class=\"wp-image-3076\" style=\"width:600px\" srcset=\"https:\/\/levangilealecran.com\/wp-content\/uploads\/2024\/07\/image.png 773w, https:\/\/levangilealecran.com\/wp-content\/uploads\/2024\/07\/image-300x202.png 300w, https:\/\/levangilealecran.com\/wp-content\/uploads\/2024\/07\/image-768x518.png 768w, https:\/\/levangilealecran.com\/wp-content\/uploads\/2024\/07\/image-150x101.png 150w, https:\/\/levangilealecran.com\/wp-content\/uploads\/2024\/07\/image-223x150.png 223w\" sizes=\"auto, (max-width: 773px) 100vw, 773px\" \/><\/a><\/figure>\n\n\n\n<p class=\"wp-block-paragraph\"><strong>> Laissons-nous frapper d\u2019\u00e9tonnement tout comme les habitants de Nazareth. J\u00e9sus, le fils de Marie, revient au village et se met \u00e0 les enseigner ! On dit que de grands miracles se r\u00e9alisent par ses mains. Ses mains de charpentier. Le doute et le sentiment d\u2019\u00eatre dup\u00e9 ont vite fait de s\u2019installer dans l\u2019auditoire. Le proph\u00e8te-charpentier prend acte de leur refus, c\u2019est son tour de s\u2019\u00e9tonner. Mais sans ressentiment. Nous le voyons gu\u00e9rir des malades avant de s\u2019en aller. C\u2019est qu\u2019il est plus que l\u2019enfant de Marie ; il est Fils de Dieu. Dans sa bont\u00e9, il ne peut rester indiff\u00e9rent \u00e0 leur souffrance. Le texte pr\u00e9cise : \u00ab seulement quelques malades. \u00bb Grandeur et humilit\u00e9 du proph\u00e8te m\u00e9pris\u00e9 des siens. Et d\u00e9j\u00e0, il repart annoncer ailleurs la Bonne Nouvelle.<br>> Cette semaine, gardons devant nos yeux le passage de J\u00e9sus chez les siens : Son attitude pourra canaliser nos r\u00e9actions lorsque quelqu\u2019un \u201cose\u201c \u00e9gratigner notre r\u00e9putation. Son exemple nous aidera \u00e0 rester en paix et \u00e0 faire du bien ; \u00e0 nous soucier bien davantage de la mission que de notre petite personne, afin de repartir libre et joyeux en porteurs de la Bonne Nouvelle.<\/strong><\/p>\n","protected":false},"excerpt":{"rendered":"<p>\u00ab Quelle est cette sagesse qui lui a \u00e9t\u00e9 donn\u00e9e, et ces grands miracles qui se r\u00e9alisent par ses mains ? N\u2019est-il pas le charpentier ? \u00bb Mc 6,2-3 > Laissons-nous frapper d\u2019\u00e9tonnement tout comme les habitants de Nazareth. J\u00e9sus, le fils de Marie, revient au village et se met \u00e0 les enseigner ! On dit que de grands miracles se r\u00e9alisent par ses mains. Ses mains de charpentier. Le doute et le sentiment d\u2019\u00eatre dup\u00e9 ont vite fait de s\u2019installer dans l\u2019auditoire. Le proph\u00e8te-charpentier prend acte de leur refus, c\u2019est son tour de s\u2019\u00e9tonner. Mais sans ressentiment. Nous le voyons gu\u00e9rir des malades avant de s\u2019en aller. C\u2019est qu\u2019il \u2026 <a class=\"continue-reading-link\" href=\"https:\/\/levangilealecran.com\/?p=3075\"> Continue reading <span class=\"meta-nav\">&rarr; <\/span><\/a><\/p>\n","protected":false},"author":2005,"featured_media":0,"comment_status":"open","ping_status":"open","sticky":false,"template":"","format":"standard","meta":{"footnotes":""},"categories":[4],"tags":[964,19,236],"class_list":["post-3075","post","type-post","status-publish","format-standard","hentry","category-dimanche","tag-galilee-2","tag-paix","tag-serenite"],"_links":{"self":[{"href":"https:\/\/levangilealecran.com\/index.php?rest_route=\/wp\/v2\/posts\/3075","targetHints":{"allow":["GET"]}}],"collection":[{"href":"https:\/\/levangilealecran.com\/index.php?rest_route=\/wp\/v2\/posts"}],"about":[{"href":"https:\/\/levangilealecran.com\/index.php?rest_route=\/wp\/v2\/types\/post"}],"author":[{"embeddable":true,"href":"https:\/\/levangilealecran.com\/index.php?rest_route=\/wp\/v2\/users\/2005"}],"replies":[{"embeddable":true,"href":"https:\/\/levangilealecran.com\/index.php?rest_route=%2Fwp%2Fv2%2Fcomments&post=3075"}],"version-history":[{"count":1,"href":"https:\/\/levangilealecran.com\/index.php?rest_route=\/wp\/v2\/posts\/3075\/revisions"}],"predecessor-version":[{"id":3077,"href":"https:\/\/levangilealecran.com\/index.php?rest_route=\/wp\/v2\/posts\/3075\/revisions\/3077"}],"wp:attachment":[{"href":"https:\/\/levangilealecran.com\/index.php?rest_route=%2Fwp%2Fv2%2Fmedia&parent=3075"}],"wp:term":[{"taxonomy":"category","embeddable":true,"href":"https:\/\/levangilealecran.com\/index.php?rest_route=%2Fwp%2Fv2%2Fcategories&post=3075"},{"taxonomy":"post_tag","embeddable":true,"href":"https:\/\/levangilealecran.com\/index.php?rest_route=%2Fwp%2Fv2%2Ftags&post=3075"}],"curies":[{"name":"wp","href":"https:\/\/api.w.org\/{rel}","templated":true}]}}