{"id":3070,"date":"2024-07-12T08:00:00","date_gmt":"2024-07-12T06:00:00","guid":{"rendered":"https:\/\/levangilealecran.com\/?p=3070"},"modified":"2024-06-28T17:16:35","modified_gmt":"2024-06-28T15:16:35","slug":"15e-dimanche-du-temps-ordinaire-b-14-juillet-2024","status":"publish","type":"post","link":"https:\/\/levangilealecran.com\/?p=3070","title":{"rendered":"15e dimanche du Temps ordinaire \u2013 B \u2013 14 juillet 2024"},"content":{"rendered":"\n<blockquote class=\"wp-block-quote is-layout-flow wp-block-quote-is-layout-flow\">\n<p class=\"wp-block-paragraph\">\u00ab [&#8230;] partez et secouez la poussi\u00e8re de vos pieds : ce sera pour eux un t\u00e9moignage. \u00bb<\/p>\n<cite>(Marc 6, 11)<\/cite><\/blockquote>\n\n\n\n<figure class=\"wp-block-image size-full is-resized\"><a href=\"https:\/\/levangilealecran.com\/wp-content\/uploads\/2024\/06\/stencil.logo-large-5.png\"><img loading=\"lazy\" decoding=\"async\" width=\"1200\" height=\"1200\" src=\"https:\/\/levangilealecran.com\/wp-content\/uploads\/2024\/06\/stencil.logo-large-5.png\" alt=\"\" class=\"wp-image-3071\" style=\"width:600px\" srcset=\"https:\/\/levangilealecran.com\/wp-content\/uploads\/2024\/06\/stencil.logo-large-5.png 1200w, https:\/\/levangilealecran.com\/wp-content\/uploads\/2024\/06\/stencil.logo-large-5-300x300.png 300w, https:\/\/levangilealecran.com\/wp-content\/uploads\/2024\/06\/stencil.logo-large-5-1024x1024.png 1024w, https:\/\/levangilealecran.com\/wp-content\/uploads\/2024\/06\/stencil.logo-large-5-150x150.png 150w, https:\/\/levangilealecran.com\/wp-content\/uploads\/2024\/06\/stencil.logo-large-5-768x768.png 768w\" sizes=\"auto, (max-width: 1200px) 100vw, 1200px\" \/><\/a><\/figure>\n\n\n\n<p class=\"wp-block-paragraph\"><strong>> J\u00e9sus envoya ses disciples deux par deux avec des instructions pr\u00e9cises : voyager l\u00e9ger et d\u00e9pendre de l&rsquo;hospitalit\u00e9 des autres. S&rsquo;ils \u00e9taient rejet\u00e9s, ils devaient secouer la poussi\u00e8re de leurs pieds. Ce geste symbolique, tir\u00e9 des pratiques juives, marquait une rupture : les disciples ne sont pas responsables de ceux qui rejettent le message de l&rsquo;\u00c9vangile. M\u00eame la poussi\u00e8re des villes qui rejetaient le message \u00e9tait indigne de rester sur leurs pieds.<br>> N&rsquo;avons-nous pas nous aussi une poussi\u00e8re \u00e0 secouer de nos sandales ? Parfois, nous insistons dans des situations o\u00f9 notre message n&rsquo;est pas accueilli. Comme les disciples, nous devons comprendre que notre responsabilit\u00e9 est de semer les graines de l&rsquo;\u00c9vangile, non de forcer les r\u00e9sultats. Il y aura des refus, mais nous devons continuer avec un c\u0153ur l\u00e9ger, assur\u00e9s que nous avons rempli notre part et que Dieu poursuivra son \u0153uvre \u00e0 travers nos efforts.<br>> Que cette semaine soit une occasion de renouveler notre engagement \u00e0 partager la bonne nouvelle avec amour, bienveillance et pers\u00e9v\u00e9rance. Soyez b\u00e9nis.<\/strong><\/p>\n","protected":false},"excerpt":{"rendered":"<p>\u00ab [&#8230;] partez et secouez la poussi\u00e8re de vos pieds : ce sera pour eux un t\u00e9moignage. \u00bb (Marc 6, 11) > J\u00e9sus envoya ses disciples deux par deux avec des instructions pr\u00e9cises : voyager l\u00e9ger et d\u00e9pendre de l&rsquo;hospitalit\u00e9 des autres. S&rsquo;ils \u00e9taient rejet\u00e9s, ils devaient secouer la poussi\u00e8re de leurs pieds. Ce geste symbolique, tir\u00e9 des pratiques juives, marquait une rupture : les disciples ne sont pas responsables de ceux qui rejettent le message de l&rsquo;\u00c9vangile. M\u00eame la poussi\u00e8re des villes qui rejetaient le message \u00e9tait indigne de rester sur leurs pieds.> N&rsquo;avons-nous pas nous aussi une poussi\u00e8re \u00e0 secouer de nos sandales ? Parfois, nous insistons dans \u2026 <a class=\"continue-reading-link\" href=\"https:\/\/levangilealecran.com\/?p=3070\"> Continue reading <span class=\"meta-nav\">&rarr; <\/span><\/a><\/p>\n","protected":false},"author":2005,"featured_media":0,"comment_status":"open","ping_status":"open","sticky":false,"template":"","format":"standard","meta":{"footnotes":""},"categories":[4,7],"tags":[584],"class_list":["post-3070","post","type-post","status-publish","format-standard","hentry","category-dimanche","category-marc","tag-evangelisation"],"_links":{"self":[{"href":"https:\/\/levangilealecran.com\/index.php?rest_route=\/wp\/v2\/posts\/3070","targetHints":{"allow":["GET"]}}],"collection":[{"href":"https:\/\/levangilealecran.com\/index.php?rest_route=\/wp\/v2\/posts"}],"about":[{"href":"https:\/\/levangilealecran.com\/index.php?rest_route=\/wp\/v2\/types\/post"}],"author":[{"embeddable":true,"href":"https:\/\/levangilealecran.com\/index.php?rest_route=\/wp\/v2\/users\/2005"}],"replies":[{"embeddable":true,"href":"https:\/\/levangilealecran.com\/index.php?rest_route=%2Fwp%2Fv2%2Fcomments&post=3070"}],"version-history":[{"count":1,"href":"https:\/\/levangilealecran.com\/index.php?rest_route=\/wp\/v2\/posts\/3070\/revisions"}],"predecessor-version":[{"id":3072,"href":"https:\/\/levangilealecran.com\/index.php?rest_route=\/wp\/v2\/posts\/3070\/revisions\/3072"}],"wp:attachment":[{"href":"https:\/\/levangilealecran.com\/index.php?rest_route=%2Fwp%2Fv2%2Fmedia&parent=3070"}],"wp:term":[{"taxonomy":"category","embeddable":true,"href":"https:\/\/levangilealecran.com\/index.php?rest_route=%2Fwp%2Fv2%2Fcategories&post=3070"},{"taxonomy":"post_tag","embeddable":true,"href":"https:\/\/levangilealecran.com\/index.php?rest_route=%2Fwp%2Fv2%2Ftags&post=3070"}],"curies":[{"name":"wp","href":"https:\/\/api.w.org\/{rel}","templated":true}]}}