{"id":3067,"date":"2024-07-26T08:00:00","date_gmt":"2024-07-26T06:00:00","guid":{"rendered":"https:\/\/levangilealecran.com\/?p=3067"},"modified":"2024-07-04T17:16:08","modified_gmt":"2024-07-04T15:16:08","slug":"17e-dimanche-du-temps-ordinaire-b-28-juillet-2024","status":"publish","type":"post","link":"https:\/\/levangilealecran.com\/?p=3067","title":{"rendered":"17e dimanche du Temps ordinaire \u2013 B \u2013 28 juillet 2024"},"content":{"rendered":"\n<blockquote class=\"wp-block-quote is-layout-flow wp-block-quote-is-layout-flow\">\n<blockquote class=\"wp-block-quote is-layout-flow wp-block-quote-is-layout-flow\">\n<p class=\"wp-block-paragraph\">J\u00e9sus dit : \u00ab Faites asseoir les gens. \u00bb<\/p>\n<cite>(Jn 6,10)<\/cite><\/blockquote>\n<\/blockquote>\n\n\n\n<figure class=\"wp-block-image size-large is-resized\"><a href=\"https:\/\/levangilealecran.com\/wp-content\/uploads\/2024\/06\/EALE-28-juillet-publication-le-26-Jn-6-10.jpg\"><img loading=\"lazy\" decoding=\"async\" width=\"1024\" height=\"720\" src=\"https:\/\/levangilealecran.com\/wp-content\/uploads\/2024\/06\/EALE-28-juillet-publication-le-26-Jn-6-10-1024x720.jpg\" alt=\"\" class=\"wp-image-3068\" style=\"object-fit:cover;width:600px;height:597px\" srcset=\"https:\/\/levangilealecran.com\/wp-content\/uploads\/2024\/06\/EALE-28-juillet-publication-le-26-Jn-6-10-1024x720.jpg 1024w, https:\/\/levangilealecran.com\/wp-content\/uploads\/2024\/06\/EALE-28-juillet-publication-le-26-Jn-6-10-300x211.jpg 300w, https:\/\/levangilealecran.com\/wp-content\/uploads\/2024\/06\/EALE-28-juillet-publication-le-26-Jn-6-10-768x540.jpg 768w, https:\/\/levangilealecran.com\/wp-content\/uploads\/2024\/06\/EALE-28-juillet-publication-le-26-Jn-6-10-1536x1080.jpg 1536w, https:\/\/levangilealecran.com\/wp-content\/uploads\/2024\/06\/EALE-28-juillet-publication-le-26-Jn-6-10-150x105.jpg 150w, https:\/\/levangilealecran.com\/wp-content\/uploads\/2024\/06\/EALE-28-juillet-publication-le-26-Jn-6-10-213x150.jpg 213w, https:\/\/levangilealecran.com\/wp-content\/uploads\/2024\/06\/EALE-28-juillet-publication-le-26-Jn-6-10-1320x928.jpg 1320w, https:\/\/levangilealecran.com\/wp-content\/uploads\/2024\/06\/EALE-28-juillet-publication-le-26-Jn-6-10.jpg 1725w\" sizes=\"auto, (max-width: 1024px) 100vw, 1024px\" \/><\/a><\/figure>\n\n\n\n<p class=\"wp-block-paragraph\"><strong>> Cette phrase est tir\u00e9e du c\u00e9l\u00e8bre \u00e9vangile de la multiplication des pains. Quand les disciples demandent \u00e0 J\u00e9sus comment nourrir toute la foule qu\u2019il a devant lui, sa premi\u00e8re r\u00e9action est celle-ci : \u00ab Faites asseoir les gens \u00bb. Autrement dit : avant toute chose, un peu de calme, asseyons-nous.<\/strong><br><strong>> En \u00e9t\u00e9, il est bon de s\u2019asseoir tout simplement sur l\u2019herbe, de reprendre contact avec la nature et d\u2019y passer un moment. Loin d\u2019\u00eatre de simples moments pass\u00e9s \u00ab \u00e0 ne rien faire \u00bb, c\u2019est l\u00e0 que l\u2019on prend l\u2019\u00e9nergie pour la suite. Sans ces moments de calme, impossible d\u2019encha\u00eener avec de nouveaux d\u00e9fis.<\/strong><br><strong>> Que ce soit pour un miracle ou pour de simples d\u00e9fis quotidiens, il est donc bon de commencer par s\u2019asseoir. Qui sait si ce petit geste tout simple ne fera pas jaillir l\u2019impossible au c\u0153ur de nos vies ?<\/strong><\/p>\n","protected":false},"excerpt":{"rendered":"<p>> Cette phrase est tir\u00e9e du c\u00e9l\u00e8bre \u00e9vangile de la multiplication des pains. Quand les disciples demandent \u00e0 J\u00e9sus comment nourrir toute la foule qu\u2019il a devant lui, sa premi\u00e8re r\u00e9action est celle-ci : \u00ab Faites asseoir les gens \u00bb. Autrement dit : avant toute chose, un peu de calme, asseyons-nous.> En \u00e9t\u00e9, il est bon de s\u2019asseoir tout simplement sur l\u2019herbe, de reprendre contact avec la nature et d\u2019y passer un moment. Loin d\u2019\u00eatre de simples moments pass\u00e9s \u00ab \u00e0 ne rien faire \u00bb, c\u2019est l\u00e0 que l\u2019on prend l\u2019\u00e9nergie pour la suite. Sans ces moments de calme, impossible d\u2019encha\u00eener avec de nouveaux d\u00e9fis.> Que ce soit pour un \u2026 <a class=\"continue-reading-link\" href=\"https:\/\/levangilealecran.com\/?p=3067\"> Continue reading <span class=\"meta-nav\">&rarr; <\/span><\/a><\/p>\n","protected":false},"author":2005,"featured_media":0,"comment_status":"open","ping_status":"open","sticky":false,"template":"","format":"standard","meta":{"footnotes":""},"categories":[4,5],"tags":[],"class_list":["post-3067","post","type-post","status-publish","format-standard","hentry","category-dimanche","category-jean"],"_links":{"self":[{"href":"https:\/\/levangilealecran.com\/index.php?rest_route=\/wp\/v2\/posts\/3067","targetHints":{"allow":["GET"]}}],"collection":[{"href":"https:\/\/levangilealecran.com\/index.php?rest_route=\/wp\/v2\/posts"}],"about":[{"href":"https:\/\/levangilealecran.com\/index.php?rest_route=\/wp\/v2\/types\/post"}],"author":[{"embeddable":true,"href":"https:\/\/levangilealecran.com\/index.php?rest_route=\/wp\/v2\/users\/2005"}],"replies":[{"embeddable":true,"href":"https:\/\/levangilealecran.com\/index.php?rest_route=%2Fwp%2Fv2%2Fcomments&post=3067"}],"version-history":[{"count":2,"href":"https:\/\/levangilealecran.com\/index.php?rest_route=\/wp\/v2\/posts\/3067\/revisions"}],"predecessor-version":[{"id":3074,"href":"https:\/\/levangilealecran.com\/index.php?rest_route=\/wp\/v2\/posts\/3067\/revisions\/3074"}],"wp:attachment":[{"href":"https:\/\/levangilealecran.com\/index.php?rest_route=%2Fwp%2Fv2%2Fmedia&parent=3067"}],"wp:term":[{"taxonomy":"category","embeddable":true,"href":"https:\/\/levangilealecran.com\/index.php?rest_route=%2Fwp%2Fv2%2Fcategories&post=3067"},{"taxonomy":"post_tag","embeddable":true,"href":"https:\/\/levangilealecran.com\/index.php?rest_route=%2Fwp%2Fv2%2Ftags&post=3067"}],"curies":[{"name":"wp","href":"https:\/\/api.w.org\/{rel}","templated":true}]}}