{"id":3052,"date":"2024-06-07T08:00:00","date_gmt":"2024-06-07T06:00:00","guid":{"rendered":"https:\/\/levangilealecran.com\/?p=3052"},"modified":"2024-06-06T16:15:31","modified_gmt":"2024-06-06T14:15:31","slug":"10e-dimanche-du-temps-ordinaire-b-9-juin-2024","status":"publish","type":"post","link":"https:\/\/levangilealecran.com\/?p=3052","title":{"rendered":"10e dimanche du temps ordinaire &#8211; B &#8211; 9 juin 2024"},"content":{"rendered":"\n<blockquote class=\"wp-block-quote is-layout-flow wp-block-quote-is-layout-flow\">\n<p class=\"wp-block-paragraph\">\u00ab Quiconque fait la volont\u00e9 de Dieu, voil\u00e0 mon fr\u00e8re, ma s\u0153ur, ma m\u00e8re. \u00bb<\/p>\n<cite>Marc 3,35<\/cite><\/blockquote>\n\n\n<div class=\"wp-block-image\">\n<figure class=\"alignleft size-large\"><a href=\"https:\/\/levangilealecran.com\/wp-content\/uploads\/2024\/06\/Sans-titre-scaled.jpg\"><img loading=\"lazy\" decoding=\"async\" width=\"1024\" height=\"576\" src=\"https:\/\/levangilealecran.com\/wp-content\/uploads\/2024\/06\/Sans-titre-1024x576.jpg\" alt=\"\" class=\"wp-image-3053\" srcset=\"https:\/\/levangilealecran.com\/wp-content\/uploads\/2024\/06\/Sans-titre-1024x576.jpg 1024w, https:\/\/levangilealecran.com\/wp-content\/uploads\/2024\/06\/Sans-titre-300x169.jpg 300w, https:\/\/levangilealecran.com\/wp-content\/uploads\/2024\/06\/Sans-titre-768x432.jpg 768w, https:\/\/levangilealecran.com\/wp-content\/uploads\/2024\/06\/Sans-titre-1536x864.jpg 1536w, https:\/\/levangilealecran.com\/wp-content\/uploads\/2024\/06\/Sans-titre-2048x1152.jpg 2048w, https:\/\/levangilealecran.com\/wp-content\/uploads\/2024\/06\/Sans-titre-150x84.jpg 150w, https:\/\/levangilealecran.com\/wp-content\/uploads\/2024\/06\/Sans-titre-250x141.jpg 250w, https:\/\/levangilealecran.com\/wp-content\/uploads\/2024\/06\/Sans-titre-1320x743.jpg 1320w\" sizes=\"auto, (max-width: 1024px) 100vw, 1024px\" \/><\/a><\/figure>\n<\/div>\n\n\n<blockquote class=\"wp-block-quote is-layout-flow wp-block-quote-is-layout-flow\">\n<p class=\"wp-block-paragraph\"><strong>> Il y a de la division dans l\u2019air dans tout ce passage\u2026<\/strong><\/p>\n<\/blockquote>\n\n\n\n<p class=\"wp-block-paragraph\"><strong>Apr\u00e8s avoir appel\u00e9 \u00ab ceux qu\u2019il voulait \u00bb, les Douze disciples, dans un moment qu\u2019on imagine intime sur une montagne, J\u00e9sus se retrouve \u00e0 nouveau submerg\u00e9 par la foule ! La foule envahit sa maison, si bien qu\u2019il est suspect\u00e9 par sa propre famille d\u2019avoir perdu la t\u00eate et d\u2019\u00eatre lui-m\u00eame poss\u00e9d\u00e9 par Beelz\u00e9boul (le Diable en personne) ! Comme s\u2019il n\u2019y avait plus de fronti\u00e8res, plus de limites claires entre les liens du sang et la famille de c\u0153ur de J\u00e9sus, comme s\u2019il avait franchi la limite entre un esprit sain et la folie\u2026<\/strong><\/p>\n\n\n\n<p class=\"wp-block-paragraph\"><strong>Comment J\u00e9sus d\u00e9samorce-t-il toutes ces accusations ? En pointant vers l\u2019essentiel ! Il r\u00e9pond \u00e0 ses d\u00e9tracteurs par des images pour dire la division et les luttes spirituelles qui font rage dans le monde et qui font \u00e9clater les fronti\u00e8res des maisons et des familles, puis il d\u00e9signe sa famille de c\u0153ur : tous ceux qui sont rassembl\u00e9s dans la maison en cercle autour de lui pour \u00e9couter son enseignement.<\/strong><\/p>\n\n\n\n<p class=\"wp-block-paragraph\"><strong>Quand je me sentirai chahut\u00e9e ou tiraill\u00e9e cette semaine par des questions de loyaut\u00e9 ou parce qu\u2019on me demande de choisir un camp, je veux me souvenir de cette parole de J\u00e9sus et chercher \u00e0 faire corps avec ceux qui font sa volont\u00e9 pour avancer ensemble, comme une vraie famille.<\/strong><\/p>\n","protected":false},"excerpt":{"rendered":"<p>\u00ab Quiconque fait la volont\u00e9 de Dieu, voil\u00e0 mon fr\u00e8re, ma s\u0153ur, ma m\u00e8re. \u00bb Marc 3,35 > Il y a de la division dans l\u2019air dans tout ce passage\u2026 Apr\u00e8s avoir appel\u00e9 \u00ab ceux qu\u2019il voulait \u00bb, les Douze disciples, dans un moment qu\u2019on imagine intime sur une montagne, J\u00e9sus se retrouve \u00e0 nouveau submerg\u00e9 par la foule ! La foule envahit sa maison, si bien qu\u2019il est suspect\u00e9 par sa propre famille d\u2019avoir perdu la t\u00eate et d\u2019\u00eatre lui-m\u00eame poss\u00e9d\u00e9 par Beelz\u00e9boul (le Diable en personne) ! Comme s\u2019il n\u2019y avait plus de fronti\u00e8res, plus de limites claires entre les liens du sang et la famille de c\u0153ur \u2026 <a class=\"continue-reading-link\" href=\"https:\/\/levangilealecran.com\/?p=3052\"> Continue reading <span class=\"meta-nav\">&rarr; <\/span><\/a><\/p>\n","protected":false},"author":2006,"featured_media":0,"comment_status":"open","ping_status":"open","sticky":false,"template":"","format":"standard","meta":{"footnotes":""},"categories":[4,7],"tags":[574,300,224,962],"class_list":["post-3052","post","type-post","status-publish","format-standard","hentry","category-dimanche","category-marc","tag-diable","tag-ensemble","tag-famille","tag-loyaute"],"_links":{"self":[{"href":"https:\/\/levangilealecran.com\/index.php?rest_route=\/wp\/v2\/posts\/3052","targetHints":{"allow":["GET"]}}],"collection":[{"href":"https:\/\/levangilealecran.com\/index.php?rest_route=\/wp\/v2\/posts"}],"about":[{"href":"https:\/\/levangilealecran.com\/index.php?rest_route=\/wp\/v2\/types\/post"}],"author":[{"embeddable":true,"href":"https:\/\/levangilealecran.com\/index.php?rest_route=\/wp\/v2\/users\/2006"}],"replies":[{"embeddable":true,"href":"https:\/\/levangilealecran.com\/index.php?rest_route=%2Fwp%2Fv2%2Fcomments&post=3052"}],"version-history":[{"count":1,"href":"https:\/\/levangilealecran.com\/index.php?rest_route=\/wp\/v2\/posts\/3052\/revisions"}],"predecessor-version":[{"id":3054,"href":"https:\/\/levangilealecran.com\/index.php?rest_route=\/wp\/v2\/posts\/3052\/revisions\/3054"}],"wp:attachment":[{"href":"https:\/\/levangilealecran.com\/index.php?rest_route=%2Fwp%2Fv2%2Fmedia&parent=3052"}],"wp:term":[{"taxonomy":"category","embeddable":true,"href":"https:\/\/levangilealecran.com\/index.php?rest_route=%2Fwp%2Fv2%2Fcategories&post=3052"},{"taxonomy":"post_tag","embeddable":true,"href":"https:\/\/levangilealecran.com\/index.php?rest_route=%2Fwp%2Fv2%2Ftags&post=3052"}],"curies":[{"name":"wp","href":"https:\/\/api.w.org\/{rel}","templated":true}]}}