{"id":3038,"date":"2024-05-17T08:00:00","date_gmt":"2024-05-17T06:00:00","guid":{"rendered":"https:\/\/levangilealecran.com\/?p=3038"},"modified":"2024-05-16T20:27:07","modified_gmt":"2024-05-16T18:27:07","slug":"pentecote-b-19-mai-2024","status":"publish","type":"post","link":"https:\/\/levangilealecran.com\/?p=3038","title":{"rendered":"Pentec\u00f4te &#8211; B &#8211; 19 mai 2024"},"content":{"rendered":"\n<blockquote class=\"wp-block-quote is-layout-flow wp-block-quote-is-layout-flow\">\n<p class=\"wp-block-paragraph\">\u00ab Et vous aussi,<br>vous allez rendre t\u00e9moignage\u2026 \u00bb<\/p>\n<cite>Jean 15,27<\/cite><\/blockquote>\n\n\n\n<figure class=\"wp-block-image size-large\"><a href=\"https:\/\/levangilealecran.com\/wp-content\/uploads\/2024\/05\/EALE-Pentecote-2024.jpg\"><img loading=\"lazy\" decoding=\"async\" width=\"1024\" height=\"682\" src=\"https:\/\/levangilealecran.com\/wp-content\/uploads\/2024\/05\/EALE-Pentecote-2024-1024x682.jpg\" alt=\"\" class=\"wp-image-3039\" srcset=\"https:\/\/levangilealecran.com\/wp-content\/uploads\/2024\/05\/EALE-Pentecote-2024-1024x682.jpg 1024w, https:\/\/levangilealecran.com\/wp-content\/uploads\/2024\/05\/EALE-Pentecote-2024-300x200.jpg 300w, https:\/\/levangilealecran.com\/wp-content\/uploads\/2024\/05\/EALE-Pentecote-2024-768x512.jpg 768w, https:\/\/levangilealecran.com\/wp-content\/uploads\/2024\/05\/EALE-Pentecote-2024-1536x1023.jpg 1536w, https:\/\/levangilealecran.com\/wp-content\/uploads\/2024\/05\/EALE-Pentecote-2024-150x100.jpg 150w, https:\/\/levangilealecran.com\/wp-content\/uploads\/2024\/05\/EALE-Pentecote-2024-225x150.jpg 225w, https:\/\/levangilealecran.com\/wp-content\/uploads\/2024\/05\/EALE-Pentecote-2024-1320x879.jpg 1320w, https:\/\/levangilealecran.com\/wp-content\/uploads\/2024\/05\/EALE-Pentecote-2024.jpg 1720w\" sizes=\"auto, (max-width: 1024px) 100vw, 1024px\" \/><\/a><\/figure>\n\n\n\n<p class=\"wp-block-paragraph\"><strong>> J\u00e9sus annonce la venue de l\u2019Esprit, dans ce c\u00e9l\u00e8bre texte. Et il pr\u00e9cise que l\u2019Esprit rendra t\u00e9moignage \u00e0 la v\u00e9rit\u00e9. Mais aussit\u00f4t, il ajoute que nous aussi, nous avons \u00e0 rendre t\u00e9moignage. Qu\u2019est-ce que cela signifie ?<\/strong><\/p>\n\n\n\n<p class=\"wp-block-paragraph\"><strong>> Le verbe grec qui signifie t\u00e9moigner est \u00ab marturein \u00bb, c\u2019est ce qui a donn\u00e9 le mot martyre en fran\u00e7ais. D\u2019embl\u00e9e ce n\u2019est pas tr\u00e8s engageant : avons-nous vraiment tous cette vocation au martyre ? Sommes-nous tous destin\u00e9s \u00e0 mourir pour Dieu dans d\u2019atroces souffrances ? Est-ce cela, rendre t\u00e9moignage ?<\/strong><\/p>\n\n\n\n<p class=\"wp-block-paragraph\"><strong>> Non, pas n\u00e9cessairement. Rendre t\u00e9moignage dans l\u2019Esprit, c\u2019est comme se servir d\u2019un m\u00e9gaphone. Ce que nous disons de Dieu par notre vie, par nos actes, est d\u00e9j\u00e0 un t\u00e9moignage. Mais si nous le faisons dans l\u2019Esprit, alors la port\u00e9e du message est d\u00e9cupl\u00e9e, centupl\u00e9e. Rendre t\u00e9moignage suppose donc une coh\u00e9rence : que notre vie s\u2019accorde avec ce que nous annon\u00e7ons.<\/strong><\/p>\n\n\n\n<p class=\"wp-block-paragraph\"><strong>> Que toute notre vie, cette semaine, soit en accord avec le Dieu qui nous fait vivre ! Que tous nos actes soient en coh\u00e9rence avec l\u2019Evangile que son Fils nous a laiss\u00e9 ! Que notre t\u00e9moignage se fasse dans l\u2019Esprit !<\/strong><\/p>\n","protected":false},"excerpt":{"rendered":"<p>\u00ab Et vous aussi,vous allez rendre t\u00e9moignage\u2026 \u00bb Jean 15,27 > J\u00e9sus annonce la venue de l\u2019Esprit, dans ce c\u00e9l\u00e8bre texte. Et il pr\u00e9cise que l\u2019Esprit rendra t\u00e9moignage \u00e0 la v\u00e9rit\u00e9. Mais aussit\u00f4t, il ajoute que nous aussi, nous avons \u00e0 rendre t\u00e9moignage. Qu\u2019est-ce que cela signifie ? > Le verbe grec qui signifie t\u00e9moigner est \u00ab marturein \u00bb, c\u2019est ce qui a donn\u00e9 le mot martyre en fran\u00e7ais. D\u2019embl\u00e9e ce n\u2019est pas tr\u00e8s engageant : avons-nous vraiment tous cette vocation au martyre ? Sommes-nous tous destin\u00e9s \u00e0 mourir pour Dieu dans d\u2019atroces souffrances ? Est-ce cela, rendre t\u00e9moignage ? > Non, pas n\u00e9cessairement. Rendre t\u00e9moignage dans l\u2019Esprit, c\u2019est comme \u2026 <a class=\"continue-reading-link\" href=\"https:\/\/levangilealecran.com\/?p=3038\"> Continue reading <span class=\"meta-nav\">&rarr; <\/span><\/a><\/p>\n","protected":false},"author":2006,"featured_media":0,"comment_status":"open","ping_status":"open","sticky":false,"template":"","format":"standard","meta":{"footnotes":""},"categories":[4,5],"tags":[807,238,52],"class_list":["post-3038","post","type-post","status-publish","format-standard","hentry","category-dimanche","category-jean","tag-esprit-saint-2","tag-temoignage","tag-vie"],"_links":{"self":[{"href":"https:\/\/levangilealecran.com\/index.php?rest_route=\/wp\/v2\/posts\/3038","targetHints":{"allow":["GET"]}}],"collection":[{"href":"https:\/\/levangilealecran.com\/index.php?rest_route=\/wp\/v2\/posts"}],"about":[{"href":"https:\/\/levangilealecran.com\/index.php?rest_route=\/wp\/v2\/types\/post"}],"author":[{"embeddable":true,"href":"https:\/\/levangilealecran.com\/index.php?rest_route=\/wp\/v2\/users\/2006"}],"replies":[{"embeddable":true,"href":"https:\/\/levangilealecran.com\/index.php?rest_route=%2Fwp%2Fv2%2Fcomments&post=3038"}],"version-history":[{"count":1,"href":"https:\/\/levangilealecran.com\/index.php?rest_route=\/wp\/v2\/posts\/3038\/revisions"}],"predecessor-version":[{"id":3040,"href":"https:\/\/levangilealecran.com\/index.php?rest_route=\/wp\/v2\/posts\/3038\/revisions\/3040"}],"wp:attachment":[{"href":"https:\/\/levangilealecran.com\/index.php?rest_route=%2Fwp%2Fv2%2Fmedia&parent=3038"}],"wp:term":[{"taxonomy":"category","embeddable":true,"href":"https:\/\/levangilealecran.com\/index.php?rest_route=%2Fwp%2Fv2%2Fcategories&post=3038"},{"taxonomy":"post_tag","embeddable":true,"href":"https:\/\/levangilealecran.com\/index.php?rest_route=%2Fwp%2Fv2%2Ftags&post=3038"}],"curies":[{"name":"wp","href":"https:\/\/api.w.org\/{rel}","templated":true}]}}