{"id":3033,"date":"2024-05-10T08:00:00","date_gmt":"2024-05-10T06:00:00","guid":{"rendered":"https:\/\/levangilealecran.com\/?p=3033"},"modified":"2024-05-09T23:04:14","modified_gmt":"2024-05-09T21:04:14","slug":"7e-dimanche-de-paques-b-12-mai-2024","status":"publish","type":"post","link":"https:\/\/levangilealecran.com\/?p=3033","title":{"rendered":"7e dimanche de P\u00e2ques \u2013 B \u2013 12 mai 2024"},"content":{"rendered":"\n<blockquote class=\"wp-block-quote is-layout-flow wp-block-quote-is-layout-flow\">\n<p class=\"wp-block-paragraph\">\u00ab\u00a0J\u2019ai veill\u00e9 sur eux, et aucun ne s\u2019est perdu.\u00a0\u00bb<\/p>\n<cite>Jean 17,12<\/cite><\/blockquote>\n\n\n<div class=\"wp-block-image\">\n<figure class=\"aligncenter size-full\"><a href=\"https:\/\/levangilealecran.com\/wp-content\/uploads\/2024\/05\/2405EALE10mai.jpg\"><img loading=\"lazy\" decoding=\"async\" width=\"600\" height=\"600\" src=\"https:\/\/levangilealecran.com\/wp-content\/uploads\/2024\/05\/2405EALE10mai.jpg\" alt=\"\" class=\"wp-image-3036\" srcset=\"https:\/\/levangilealecran.com\/wp-content\/uploads\/2024\/05\/2405EALE10mai.jpg 600w, https:\/\/levangilealecran.com\/wp-content\/uploads\/2024\/05\/2405EALE10mai-300x300.jpg 300w, https:\/\/levangilealecran.com\/wp-content\/uploads\/2024\/05\/2405EALE10mai-150x150.jpg 150w\" sizes=\"auto, (max-width: 600px) 100vw, 600px\" \/><\/a><\/figure>\n<\/div>\n\n\n<p class=\"wp-block-paragraph\"><strong>> Lorsque J\u00e9sus \u00e9tait parmi ses disciples il a pris soin d&rsquo;eux. Mais alors qu&rsquo;il pr\u00e9voit son ascension vers le P\u00e8re, il remet \u00e0 Dieu la suite et prie sp\u00e9cifiquement pour que tous restent unis en son nom. C&rsquo;est l&rsquo;Esprit-Saint, donn\u00e9 \u00e0 Pentec\u00f4te qui a permis autant de nouveaux disciples, jusqu&rsquo;\u00e0 nous aujourd&rsquo;hui !<\/strong><\/p>\n\n\n\n<p class=\"wp-block-paragraph\"><strong>&gt; Cette semaine prions que ce m\u00eame Esprit garde unis les chr\u00e9tiens du monde. Ne ternissons pas le nom de J\u00e9sus par des batailles de clochers mais soyons t\u00e9moins de son Amour tandis qu&rsquo;Il continue de veiller sur nous ! Soyez b\u00e9nis !<\/strong><\/p>\n","protected":false},"excerpt":{"rendered":"<p>\u00ab\u00a0J\u2019ai veill\u00e9 sur eux, et aucun ne s\u2019est perdu.\u00a0\u00bb Jean 17,12 > Lorsque J\u00e9sus \u00e9tait parmi ses disciples il a pris soin d&rsquo;eux. Mais alors qu&rsquo;il pr\u00e9voit son ascension vers le P\u00e8re, il remet \u00e0 Dieu la suite et prie sp\u00e9cifiquement pour que tous restent unis en son nom. C&rsquo;est l&rsquo;Esprit-Saint, donn\u00e9 \u00e0 Pentec\u00f4te qui a permis autant de nouveaux disciples, jusqu&rsquo;\u00e0 nous aujourd&rsquo;hui ! &gt; Cette semaine prions que ce m\u00eame Esprit garde unis les chr\u00e9tiens du monde. Ne ternissons pas le nom de J\u00e9sus par des batailles de clochers mais soyons t\u00e9moins de son Amour tandis qu&rsquo;Il continue de veiller sur nous ! Soyez b\u00e9nis !<\/p>\n","protected":false},"author":2006,"featured_media":0,"comment_status":"open","ping_status":"open","sticky":false,"template":"","format":"standard","meta":{"footnotes":""},"categories":[4,5,74],"tags":[86,38,31,238,32],"class_list":["post-3033","post","type-post","status-publish","format-standard","hentry","category-dimanche","category-jean","category-temps-pascal","tag-esprit-saint","tag-jesus","tag-priere","tag-temoignage","tag-unite"],"_links":{"self":[{"href":"https:\/\/levangilealecran.com\/index.php?rest_route=\/wp\/v2\/posts\/3033","targetHints":{"allow":["GET"]}}],"collection":[{"href":"https:\/\/levangilealecran.com\/index.php?rest_route=\/wp\/v2\/posts"}],"about":[{"href":"https:\/\/levangilealecran.com\/index.php?rest_route=\/wp\/v2\/types\/post"}],"author":[{"embeddable":true,"href":"https:\/\/levangilealecran.com\/index.php?rest_route=\/wp\/v2\/users\/2006"}],"replies":[{"embeddable":true,"href":"https:\/\/levangilealecran.com\/index.php?rest_route=%2Fwp%2Fv2%2Fcomments&post=3033"}],"version-history":[{"count":3,"href":"https:\/\/levangilealecran.com\/index.php?rest_route=\/wp\/v2\/posts\/3033\/revisions"}],"predecessor-version":[{"id":3037,"href":"https:\/\/levangilealecran.com\/index.php?rest_route=\/wp\/v2\/posts\/3033\/revisions\/3037"}],"wp:attachment":[{"href":"https:\/\/levangilealecran.com\/index.php?rest_route=%2Fwp%2Fv2%2Fmedia&parent=3033"}],"wp:term":[{"taxonomy":"category","embeddable":true,"href":"https:\/\/levangilealecran.com\/index.php?rest_route=%2Fwp%2Fv2%2Fcategories&post=3033"},{"taxonomy":"post_tag","embeddable":true,"href":"https:\/\/levangilealecran.com\/index.php?rest_route=%2Fwp%2Fv2%2Ftags&post=3033"}],"curies":[{"name":"wp","href":"https:\/\/api.w.org\/{rel}","templated":true}]}}