{"id":3025,"date":"2024-04-26T08:00:00","date_gmt":"2024-04-26T06:00:00","guid":{"rendered":"https:\/\/levangilealecran.com\/?p=3025"},"modified":"2024-04-25T11:08:22","modified_gmt":"2024-04-25T09:08:22","slug":"5e-dimanche-de-paques-b-28-avril-2024","status":"publish","type":"post","link":"https:\/\/levangilealecran.com\/?p=3025","title":{"rendered":"5e dimanche de P\u00e2ques \u2013 B \u2013 28 avril 2024"},"content":{"rendered":"\n<blockquote class=\"wp-block-quote is-layout-flow wp-block-quote-is-layout-flow\">\n<p class=\"wp-block-paragraph\">\u00ab\u00a0Tout sarment qui porte du fruit, le P\u00e8re le taille, afin qu&rsquo;il porte encore plus de fruit.\u00a0\u00bb <\/p>\n<cite>Jean 15,2<\/cite><\/blockquote>\n\n\n\n<figure class=\"wp-block-image size-full\"><a href=\"https:\/\/levangilealecran.com\/wp-content\/uploads\/2024\/04\/1000022549.jpg\"><img loading=\"lazy\" decoding=\"async\" width=\"960\" height=\"540\" src=\"https:\/\/levangilealecran.com\/wp-content\/uploads\/2024\/04\/1000022549.jpg\" alt=\"\" class=\"wp-image-3026\" srcset=\"https:\/\/levangilealecran.com\/wp-content\/uploads\/2024\/04\/1000022549.jpg 960w, https:\/\/levangilealecran.com\/wp-content\/uploads\/2024\/04\/1000022549-300x169.jpg 300w, https:\/\/levangilealecran.com\/wp-content\/uploads\/2024\/04\/1000022549-768x432.jpg 768w, https:\/\/levangilealecran.com\/wp-content\/uploads\/2024\/04\/1000022549-150x84.jpg 150w, https:\/\/levangilealecran.com\/wp-content\/uploads\/2024\/04\/1000022549-250x141.jpg 250w\" sizes=\"auto, (max-width: 960px) 100vw, 960px\" \/><\/a><\/figure>\n\n\n\n<p class=\"wp-block-paragraph\"><strong>> Comme elles sont jolies ces petites vrilles qui s&rsquo;accrochent au fil dans notre Lavaux&#8230; Quand on a enlev\u00e9 les sarments apr\u00e8s la taille, ce sont des \u00ab\u00a0fourchettes\u00a0\u00bb qui demeurent attach\u00e9es au fil et le sarment, lui, plus bas, reste attach\u00e9 au cep pour porter plus de fruit encore.<\/strong><\/p>\n\n\n\n<p class=\"wp-block-paragraph\"><strong>Dans la vie, les \u00e9preuves nous taillent, nous d\u00e9barrassent parfois violemment de certaines attaches qui comptaient. Essayons de toutes nos forces de rester attach\u00e9s au Christ!<\/strong><\/p>\n\n\n\n<p class=\"wp-block-paragraph\"><strong>Dans les paysages que l&rsquo;avenir dessine, peut-\u00eatre que les souvenirs de ces attachements peuvent ressembler \u00e0 ces petites vrilles sur la photo et devenir des t\u00e9moins du chemin de discernement : ces souvenirs sont int\u00e9gr\u00e9s comme une partie de notre histoire mais qu&rsquo;ils ne nous emp\u00eachent pas de porter du fruit!<\/strong><\/p>\n","protected":false},"excerpt":{"rendered":"<p>\u00ab\u00a0Tout sarment qui porte du fruit, le P\u00e8re le taille, afin qu&rsquo;il porte encore plus de fruit.\u00a0\u00bb Jean 15,2 > Comme elles sont jolies ces petites vrilles qui s&rsquo;accrochent au fil dans notre Lavaux&#8230; Quand on a enlev\u00e9 les sarments apr\u00e8s la taille, ce sont des \u00ab\u00a0fourchettes\u00a0\u00bb qui demeurent attach\u00e9es au fil et le sarment, lui, plus bas, reste attach\u00e9 au cep pour porter plus de fruit encore. Dans la vie, les \u00e9preuves nous taillent, nous d\u00e9barrassent parfois violemment de certaines attaches qui comptaient. Essayons de toutes nos forces de rester attach\u00e9s au Christ! Dans les paysages que l&rsquo;avenir dessine, peut-\u00eatre que les souvenirs de ces attachements peuvent ressembler \u00e0 \u2026 <a class=\"continue-reading-link\" href=\"https:\/\/levangilealecran.com\/?p=3025\"> Continue reading <span class=\"meta-nav\">&rarr; <\/span><\/a><\/p>\n","protected":false},"author":2006,"featured_media":0,"comment_status":"open","ping_status":"open","sticky":false,"template":"","format":"standard","meta":{"footnotes":""},"categories":[4,5,74],"tags":[53,847,957,636],"class_list":["post-3025","post","type-post","status-publish","format-standard","hentry","category-dimanche","category-jean","category-temps-pascal","tag-christ","tag-fruit","tag-tailler","tag-vigne"],"_links":{"self":[{"href":"https:\/\/levangilealecran.com\/index.php?rest_route=\/wp\/v2\/posts\/3025","targetHints":{"allow":["GET"]}}],"collection":[{"href":"https:\/\/levangilealecran.com\/index.php?rest_route=\/wp\/v2\/posts"}],"about":[{"href":"https:\/\/levangilealecran.com\/index.php?rest_route=\/wp\/v2\/types\/post"}],"author":[{"embeddable":true,"href":"https:\/\/levangilealecran.com\/index.php?rest_route=\/wp\/v2\/users\/2006"}],"replies":[{"embeddable":true,"href":"https:\/\/levangilealecran.com\/index.php?rest_route=%2Fwp%2Fv2%2Fcomments&post=3025"}],"version-history":[{"count":1,"href":"https:\/\/levangilealecran.com\/index.php?rest_route=\/wp\/v2\/posts\/3025\/revisions"}],"predecessor-version":[{"id":3027,"href":"https:\/\/levangilealecran.com\/index.php?rest_route=\/wp\/v2\/posts\/3025\/revisions\/3027"}],"wp:attachment":[{"href":"https:\/\/levangilealecran.com\/index.php?rest_route=%2Fwp%2Fv2%2Fmedia&parent=3025"}],"wp:term":[{"taxonomy":"category","embeddable":true,"href":"https:\/\/levangilealecran.com\/index.php?rest_route=%2Fwp%2Fv2%2Fcategories&post=3025"},{"taxonomy":"post_tag","embeddable":true,"href":"https:\/\/levangilealecran.com\/index.php?rest_route=%2Fwp%2Fv2%2Ftags&post=3025"}],"curies":[{"name":"wp","href":"https:\/\/api.w.org\/{rel}","templated":true}]}}