{"id":3022,"date":"2024-04-19T08:00:00","date_gmt":"2024-04-19T06:00:00","guid":{"rendered":"https:\/\/levangilealecran.com\/?p=3022"},"modified":"2024-04-18T20:09:43","modified_gmt":"2024-04-18T18:09:43","slug":"4e-dimanche-de-paques-b-21-avril-2024","status":"publish","type":"post","link":"https:\/\/levangilealecran.com\/?p=3022","title":{"rendered":"4e dimanche de P\u00e2ques \u2013 B \u2013 21 avril 2024"},"content":{"rendered":"\n<blockquote class=\"wp-block-quote is-layout-flow wp-block-quote-is-layout-flow\">\n<p class=\"wp-block-paragraph\">\u00ab Moi, je suis le bon Pasteur, je connais mes brebis, et mes brebis me connaissent. \u00bb<\/p>\n<cite>Jean 10,14<\/cite><\/blockquote>\n\n\n<div class=\"wp-block-image\">\n<figure class=\"aligncenter size-full\"><a href=\"https:\/\/levangilealecran.com\/wp-content\/uploads\/2024\/04\/4e-dimanche-de-Paques-21.04.24-.png\"><img loading=\"lazy\" decoding=\"async\" width=\"239\" height=\"168\" src=\"https:\/\/levangilealecran.com\/wp-content\/uploads\/2024\/04\/4e-dimanche-de-Paques-21.04.24-.png\" alt=\"\" class=\"wp-image-3023\" srcset=\"https:\/\/levangilealecran.com\/wp-content\/uploads\/2024\/04\/4e-dimanche-de-Paques-21.04.24-.png 239w, https:\/\/levangilealecran.com\/wp-content\/uploads\/2024\/04\/4e-dimanche-de-Paques-21.04.24--150x105.png 150w, https:\/\/levangilealecran.com\/wp-content\/uploads\/2024\/04\/4e-dimanche-de-Paques-21.04.24--213x150.png 213w\" sizes=\"auto, (max-width: 239px) 100vw, 239px\" \/><\/a><\/figure>\n<\/div>\n\n\n<p class=\"wp-block-paragraph\"><strong>> Le tableau haut en couleur du \u201ccur\u00e9-peintre\u201c Sieger K\u00f6der (+ 2015) nous fait voir un Bon Berger plein de tendresse, non seulement pour sa brebis, mais pour petits et grands en f\u00eate autour de lui. Oui, il a ramen\u00e9 l\u2019\u00e9gar\u00e9e au risque de sa propre vie et tous sont invit\u00e9s \u00e0 s\u2019en r\u00e9jouir. &#8211; \u201cPr\u00eacher par l\u2019image\u201c, telle \u00e9tait la vocation de notre artiste. On peut dire qu\u2019il a r\u00e9ussi le pari en nous rendant J\u00e9sus si humainement proche, \u00e9veilleur de joie et de f\u00eate.<\/strong><\/p>\n\n\n\n<p class=\"wp-block-paragraph\"><strong>Pr\u00eacher par l\u2019image, vocation d\u2019exception ? Surement, puisque chaque vocation est unique, avec ses dons particuliers au service de l\u2019\u00e9vang\u00e9lisation. Chacun de nous r\u00e9alise ainsi son \u0153uvre d\u2019art, avec ou sans pinceau. Et la plus belle, la plus juste, c\u2019est le visage humain cr\u00e9\u00e9 \u00e0 la ressemblance de Dieu. Au cours de notre vie model\u00e9e sur l\u2019Evangile, quelque chose de cette ressemblance va apparaitre sur nos traits et dans notre regard. Ce sera l\u00e0 notre chef-d\u2019\u0153uvre : Un visage o\u00f9 peut se lire la joie d\u2019\u00eatre ami, amie du Christ Bon Pasteur qui nous donne la vie en donnant la sienne.<\/strong><\/p>\n","protected":false},"excerpt":{"rendered":"<p>\u00ab Moi, je suis le bon Pasteur, je connais mes brebis, et mes brebis me connaissent. \u00bb Jean 10,14 > Le tableau haut en couleur du \u201ccur\u00e9-peintre\u201c Sieger K\u00f6der (+ 2015) nous fait voir un Bon Berger plein de tendresse, non seulement pour sa brebis, mais pour petits et grands en f\u00eate autour de lui. Oui, il a ramen\u00e9 l\u2019\u00e9gar\u00e9e au risque de sa propre vie et tous sont invit\u00e9s \u00e0 s\u2019en r\u00e9jouir. &#8211; \u201cPr\u00eacher par l\u2019image\u201c, telle \u00e9tait la vocation de notre artiste. On peut dire qu\u2019il a r\u00e9ussi le pari en nous rendant J\u00e9sus si humainement proche, \u00e9veilleur de joie et de f\u00eate. Pr\u00eacher par l\u2019image, vocation d\u2019exception \u2026 <a class=\"continue-reading-link\" href=\"https:\/\/levangilealecran.com\/?p=3022\"> Continue reading <span class=\"meta-nav\">&rarr; <\/span><\/a><\/p>\n","protected":false},"author":2006,"featured_media":0,"comment_status":"open","ping_status":"open","sticky":false,"template":"","format":"standard","meta":{"footnotes":""},"categories":[4,5,74],"tags":[879,26,75],"class_list":["post-3022","post","type-post","status-publish","format-standard","hentry","category-dimanche","category-jean","category-temps-pascal","tag-bonne-nouvelle-2","tag-confiance","tag-joie"],"_links":{"self":[{"href":"https:\/\/levangilealecran.com\/index.php?rest_route=\/wp\/v2\/posts\/3022","targetHints":{"allow":["GET"]}}],"collection":[{"href":"https:\/\/levangilealecran.com\/index.php?rest_route=\/wp\/v2\/posts"}],"about":[{"href":"https:\/\/levangilealecran.com\/index.php?rest_route=\/wp\/v2\/types\/post"}],"author":[{"embeddable":true,"href":"https:\/\/levangilealecran.com\/index.php?rest_route=\/wp\/v2\/users\/2006"}],"replies":[{"embeddable":true,"href":"https:\/\/levangilealecran.com\/index.php?rest_route=%2Fwp%2Fv2%2Fcomments&post=3022"}],"version-history":[{"count":1,"href":"https:\/\/levangilealecran.com\/index.php?rest_route=\/wp\/v2\/posts\/3022\/revisions"}],"predecessor-version":[{"id":3024,"href":"https:\/\/levangilealecran.com\/index.php?rest_route=\/wp\/v2\/posts\/3022\/revisions\/3024"}],"wp:attachment":[{"href":"https:\/\/levangilealecran.com\/index.php?rest_route=%2Fwp%2Fv2%2Fmedia&parent=3022"}],"wp:term":[{"taxonomy":"category","embeddable":true,"href":"https:\/\/levangilealecran.com\/index.php?rest_route=%2Fwp%2Fv2%2Fcategories&post=3022"},{"taxonomy":"post_tag","embeddable":true,"href":"https:\/\/levangilealecran.com\/index.php?rest_route=%2Fwp%2Fv2%2Ftags&post=3022"}],"curies":[{"name":"wp","href":"https:\/\/api.w.org\/{rel}","templated":true}]}}