{"id":3014,"date":"2024-04-05T10:17:05","date_gmt":"2024-04-05T08:17:05","guid":{"rendered":"https:\/\/levangilealecran.com\/?p=3014"},"modified":"2024-04-05T10:17:05","modified_gmt":"2024-04-05T08:17:05","slug":"2e-dimanche-de-paques-b-7-avril-2024","status":"publish","type":"post","link":"https:\/\/levangilealecran.com\/?p=3014","title":{"rendered":"2e dimanche de P\u00e2ques &#8211; B &#8211; 7 avril 2024"},"content":{"rendered":"\n<blockquote class=\"wp-block-quote is-layout-flow wp-block-quote-is-layout-flow\">\n<p class=\"wp-block-paragraph\">\u00ab\u00a0Mais ce qui se trouve [dans ce livre] a \u00e9t\u00e9 \u00e9crit pour que vous croyiez que J\u00e9sus est le Christ, le Fils de Dieu, et qu&rsquo;en croyant, vous poss\u00e9diez la vie en son nom.\u00a0\u00bb ()<\/p>\n<cite>Jean 20, 31<\/cite><\/blockquote>\n\n\n\n<figure class=\"wp-block-image size-large\"><a href=\"https:\/\/levangilealecran.com\/wp-content\/uploads\/2024\/04\/bible-1867195-scaled.jpg\"><img loading=\"lazy\" decoding=\"async\" width=\"1024\" height=\"512\" src=\"https:\/\/levangilealecran.com\/wp-content\/uploads\/2024\/04\/bible-1867195-1024x512.jpg\" alt=\"\" class=\"wp-image-3015\" srcset=\"https:\/\/levangilealecran.com\/wp-content\/uploads\/2024\/04\/bible-1867195-1024x512.jpg 1024w, https:\/\/levangilealecran.com\/wp-content\/uploads\/2024\/04\/bible-1867195-300x150.jpg 300w, https:\/\/levangilealecran.com\/wp-content\/uploads\/2024\/04\/bible-1867195-768x384.jpg 768w, https:\/\/levangilealecran.com\/wp-content\/uploads\/2024\/04\/bible-1867195-1536x768.jpg 1536w, https:\/\/levangilealecran.com\/wp-content\/uploads\/2024\/04\/bible-1867195-2048x1024.jpg 2048w, https:\/\/levangilealecran.com\/wp-content\/uploads\/2024\/04\/bible-1867195-150x75.jpg 150w, https:\/\/levangilealecran.com\/wp-content\/uploads\/2024\/04\/bible-1867195-250x125.jpg 250w, https:\/\/levangilealecran.com\/wp-content\/uploads\/2024\/04\/bible-1867195-1320x660.jpg 1320w\" sizes=\"auto, (max-width: 1024px) 100vw, 1024px\" \/><\/a><\/figure>\n\n\n\n<p class=\"wp-block-paragraph\"><span style=\"text-decoration: underline;\">UN R\u00c9CIT SUFFISANT<\/span><\/p>\n\n\n\n<p class=\"wp-block-paragraph\"><strong>> Si j\u2019en crois les propos de l\u2019ap\u00f4tre Jean, il semblerait que beaucoup d\u2019\u00e9v\u00e9nements concernant la vie de J\u00e9sus ne nous ont pas \u00e9t\u00e9 r\u00e9v\u00e9l\u00e9s. Pourtant, le peu qui nous est rapport\u00e9 dans l\u2019\u00e9vangile selon Jean est suffisant pour nous mener \u00e0 la foi, \u00e0 croire que J\u00e9sus est le Christ, le Fils de Dieu. Voil\u00e0 qui correspond bien \u00e0 l\u2019esprit synth\u00e9tique de Dieu : ni plus ni moins que ce qui est n\u00e9cessaire. C\u2019est une invitation \u00e0 cesser de vouloir tout expliquer, tout comprendre.<\/strong><\/p>\n\n\n\n<p class=\"wp-block-paragraph\"><strong>Et puis, bien que l\u2019\u00e9vangile de Jean soit suffisant pour croire et ainsi poss\u00e9dez la vie dans le nom de J\u00e9sus, Dieu n\u2019est pas avare de paroles, ne nous a-t-il pas laisser toute une bible ? Scrutons donc ces \u00e9crits, Christ s\u2019y trouve en filigrane !<\/strong><\/p>\n","protected":false},"excerpt":{"rendered":"<p>\u00ab\u00a0Mais ce qui se trouve [dans ce livre] a \u00e9t\u00e9 \u00e9crit pour que vous croyiez que J\u00e9sus est le Christ, le Fils de Dieu, et qu&rsquo;en croyant, vous poss\u00e9diez la vie en son nom.\u00a0\u00bb () Jean 20, 31 UN R\u00c9CIT SUFFISANT > Si j\u2019en crois les propos de l\u2019ap\u00f4tre Jean, il semblerait que beaucoup d\u2019\u00e9v\u00e9nements concernant la vie de J\u00e9sus ne nous ont pas \u00e9t\u00e9 r\u00e9v\u00e9l\u00e9s. Pourtant, le peu qui nous est rapport\u00e9 dans l\u2019\u00e9vangile selon Jean est suffisant pour nous mener \u00e0 la foi, \u00e0 croire que J\u00e9sus est le Christ, le Fils de Dieu. Voil\u00e0 qui correspond bien \u00e0 l\u2019esprit synth\u00e9tique de Dieu : ni plus ni moins \u2026 <a class=\"continue-reading-link\" href=\"https:\/\/levangilealecran.com\/?p=3014\"> Continue reading <span class=\"meta-nav\">&rarr; <\/span><\/a><\/p>\n","protected":false},"author":2006,"featured_media":0,"comment_status":"open","ping_status":"open","sticky":false,"template":"","format":"standard","meta":{"footnotes":""},"categories":[4,5,74],"tags":[26,39],"class_list":["post-3014","post","type-post","status-publish","format-standard","hentry","category-dimanche","category-jean","category-temps-pascal","tag-confiance","tag-parole"],"_links":{"self":[{"href":"https:\/\/levangilealecran.com\/index.php?rest_route=\/wp\/v2\/posts\/3014","targetHints":{"allow":["GET"]}}],"collection":[{"href":"https:\/\/levangilealecran.com\/index.php?rest_route=\/wp\/v2\/posts"}],"about":[{"href":"https:\/\/levangilealecran.com\/index.php?rest_route=\/wp\/v2\/types\/post"}],"author":[{"embeddable":true,"href":"https:\/\/levangilealecran.com\/index.php?rest_route=\/wp\/v2\/users\/2006"}],"replies":[{"embeddable":true,"href":"https:\/\/levangilealecran.com\/index.php?rest_route=%2Fwp%2Fv2%2Fcomments&post=3014"}],"version-history":[{"count":1,"href":"https:\/\/levangilealecran.com\/index.php?rest_route=\/wp\/v2\/posts\/3014\/revisions"}],"predecessor-version":[{"id":3016,"href":"https:\/\/levangilealecran.com\/index.php?rest_route=\/wp\/v2\/posts\/3014\/revisions\/3016"}],"wp:attachment":[{"href":"https:\/\/levangilealecran.com\/index.php?rest_route=%2Fwp%2Fv2%2Fmedia&parent=3014"}],"wp:term":[{"taxonomy":"category","embeddable":true,"href":"https:\/\/levangilealecran.com\/index.php?rest_route=%2Fwp%2Fv2%2Fcategories&post=3014"},{"taxonomy":"post_tag","embeddable":true,"href":"https:\/\/levangilealecran.com\/index.php?rest_route=%2Fwp%2Fv2%2Ftags&post=3014"}],"curies":[{"name":"wp","href":"https:\/\/api.w.org\/{rel}","templated":true}]}}