{"id":301,"date":"2013-05-03T16:06:43","date_gmt":"2013-05-03T14:06:43","guid":{"rendered":"http:\/\/levangilealecran.com?p=301"},"modified":"2013-05-17T09:29:31","modified_gmt":"2013-05-17T07:29:31","slug":"6e-dimanche-de-paques-c","status":"publish","type":"post","link":"https:\/\/levangilealecran.com\/?p=301","title":{"rendered":"6e dimanche de P\u00e2ques &#8211; C"},"content":{"rendered":"<p style=\"text-align: justify;\">\u00ab\u00a0Le Paraclet, l&rsquo;Esprit Saint que le P\u00e8re enverra en mon nom, vous enseignera toutes choses et vous fera ressouvenir de tout ce que je vous ai dit. Je vous laisse la paix, je vous donne ma paix. Ce n&rsquo;est pas \u00e0 la mani\u00e8re du monde que je vous la donne. Que votre c\u0153ur cesse de se troubler et de craindre.\u00a0\u00bb (Jn 14,26-27)<\/p>\n<p style=\"text-align: justify;\"><strong>&gt; J\u00e9sus nous promet l\u2019Esprit Saint, et en attendant la Pentec\u00f4te, il nous donne Sa paix qui apaise notre c\u0153ur troubl\u00e9. Cette semaine, nous vous proposons de remettre au Christ une crainte, un trouble, une angoisse de votre c\u0153ur. Et il vous donnera la paix promise\u2026 mais peut-\u00eatre pas de la mani\u00e8re attendue (car ce n\u2019est pas \u00e0 la mani\u00e8re du monde qu\u2019Il nous la donne) !<\/strong><\/p>\n","protected":false},"excerpt":{"rendered":"<p>\u00ab\u00a0Le Paraclet, l&rsquo;Esprit Saint que le P\u00e8re enverra en mon nom, vous enseignera toutes choses et vous fera ressouvenir de tout ce que je vous ai dit. Je vous laisse la paix, je vous donne ma paix. Ce n&rsquo;est pas \u00e0 la mani\u00e8re du monde que je vous la donne. Que votre c\u0153ur cesse de se troubler et de craindre.\u00a0\u00bb (Jn 14,26-27) &gt; J\u00e9sus nous promet l\u2019Esprit Saint, et en attendant la Pentec\u00f4te, il nous donne Sa paix qui apaise notre c\u0153ur troubl\u00e9. Cette semaine, nous vous proposons de remettre au Christ une crainte, un trouble, une angoisse de votre c\u0153ur. Et il vous donnera la paix promise\u2026 mais peut-\u00eatre \u2026 <a class=\"continue-reading-link\" href=\"https:\/\/levangilealecran.com\/?p=301\"> Continue reading <span class=\"meta-nav\">&rarr; <\/span><\/a><\/p>\n","protected":false},"author":1,"featured_media":0,"comment_status":"open","ping_status":"open","sticky":false,"template":"","format":"standard","meta":{"footnotes":""},"categories":[5,74],"tags":[86,430,19,84,85],"class_list":["post-301","post","type-post","status-publish","format-standard","hentry","category-jean","category-temps-pascal","tag-esprit-saint","tag-jean","tag-paix","tag-paraclet","tag-trouble"],"_links":{"self":[{"href":"https:\/\/levangilealecran.com\/index.php?rest_route=\/wp\/v2\/posts\/301","targetHints":{"allow":["GET"]}}],"collection":[{"href":"https:\/\/levangilealecran.com\/index.php?rest_route=\/wp\/v2\/posts"}],"about":[{"href":"https:\/\/levangilealecran.com\/index.php?rest_route=\/wp\/v2\/types\/post"}],"author":[{"embeddable":true,"href":"https:\/\/levangilealecran.com\/index.php?rest_route=\/wp\/v2\/users\/1"}],"replies":[{"embeddable":true,"href":"https:\/\/levangilealecran.com\/index.php?rest_route=%2Fwp%2Fv2%2Fcomments&post=301"}],"version-history":[{"count":2,"href":"https:\/\/levangilealecran.com\/index.php?rest_route=\/wp\/v2\/posts\/301\/revisions"}],"predecessor-version":[{"id":313,"href":"https:\/\/levangilealecran.com\/index.php?rest_route=\/wp\/v2\/posts\/301\/revisions\/313"}],"wp:attachment":[{"href":"https:\/\/levangilealecran.com\/index.php?rest_route=%2Fwp%2Fv2%2Fmedia&parent=301"}],"wp:term":[{"taxonomy":"category","embeddable":true,"href":"https:\/\/levangilealecran.com\/index.php?rest_route=%2Fwp%2Fv2%2Fcategories&post=301"},{"taxonomy":"post_tag","embeddable":true,"href":"https:\/\/levangilealecran.com\/index.php?rest_route=%2Fwp%2Fv2%2Ftags&post=301"}],"curies":[{"name":"wp","href":"https:\/\/api.w.org\/{rel}","templated":true}]}}