{"id":3008,"date":"2024-03-30T08:00:00","date_gmt":"2024-03-30T07:00:00","guid":{"rendered":"https:\/\/levangilealecran.com\/?p=3008"},"modified":"2024-03-28T14:42:33","modified_gmt":"2024-03-28T13:42:33","slug":"dimanche-de-paques-b-31-mars-2024","status":"publish","type":"post","link":"https:\/\/levangilealecran.com\/?p=3008","title":{"rendered":"Dimanche de P\u00e2ques &#8211; B &#8211; 31 mars 2024"},"content":{"rendered":"\n<blockquote class=\"wp-block-quote is-layout-flow wp-block-quote-is-layout-flow\">\n<p class=\"wp-block-paragraph\">\u00ab&nbsp;Ne soyez pas effray\u00e9es !<br>Vous cherchez J\u00e9sus de Nazareth, le Crucifi\u00e9 ?<br>Il est ressuscit\u00e9 : il n\u2019est pas ici. \u00bb &nbsp;<\/p>\n<cite>Marc 16,6<\/cite><\/blockquote>\n\n\n<div class=\"wp-block-image\">\n<figure class=\"aligncenter size-full\"><a href=\"https:\/\/levangilealecran.com\/wp-content\/uploads\/2024\/03\/ImageEvEcr2024_03_31.jpg\"><img loading=\"lazy\" decoding=\"async\" width=\"600\" height=\"600\" src=\"https:\/\/levangilealecran.com\/wp-content\/uploads\/2024\/03\/ImageEvEcr2024_03_31.jpg\" alt=\"\" class=\"wp-image-3009\" srcset=\"https:\/\/levangilealecran.com\/wp-content\/uploads\/2024\/03\/ImageEvEcr2024_03_31.jpg 600w, https:\/\/levangilealecran.com\/wp-content\/uploads\/2024\/03\/ImageEvEcr2024_03_31-300x300.jpg 300w, https:\/\/levangilealecran.com\/wp-content\/uploads\/2024\/03\/ImageEvEcr2024_03_31-150x150.jpg 150w\" sizes=\"auto, (max-width: 600px) 100vw, 600px\" \/><\/a><\/figure>\n<\/div>\n\n\n<p class=\"wp-block-paragraph\"><\/p>\n\n\n\n<p class=\"wp-block-paragraph\"><strong>> La bonne nouvelle de P\u00e2ques, c\u2019est celle qu\u2019entendent ces trois femmes, venues embaumer le corps du Crucifi\u00e9. Celle de la myst\u00e9rieuse victoire de la vie sur la mort. Celle qui nous invite \u00e0 ne plus nous laisser gagner par la peur, \u00e0 ne plus \u00eatre effray\u00e9s, mais \u00e0 faire confiance au Dieu de la Vie qui a relev\u00e9 son Fils de la mort. Un appel \u00e0 vivre cette confiance en la r\u00e9surrection dans nos vies qui est tout sauf facile comme le montre encore le verset 8\u00a0: <em>Elles sortirent et s\u2019enfuirent du tombeau, parce qu\u2019elles \u00e9taient toutes tremblantes et hors d\u2019elles-m\u00eames. Elles ne dirent rien \u00e0 personne, car elles avaient peur<\/em>.<\/strong><\/p>\n\n\n\n<p class=\"wp-block-paragraph\"><strong>Aujourd\u2019hui, en ce jour de P\u00e2ques, nous sommes donc appel\u00e9s nous aussi \u00e0 quitter les tombeaux de nos peurs pour nous r\u00e9jouir&nbsp;: en Christ, la Vie est plus forte que la mort et son r\u00e8gne s\u2019\u00e9tend jusqu\u2019\u00e0 nous.<\/strong><\/p>\n\n\n\n<p class=\"wp-block-paragraph\"><strong><em>Christ est ressuscit\u00e9&nbsp;!<\/em><br><em>Il est vraiment ressuscit\u00e9&nbsp;!<\/em><br><em>All\u00e9luia&nbsp;!<\/em><\/strong><\/p>\n","protected":false},"excerpt":{"rendered":"<p>\u00ab&nbsp;Ne soyez pas effray\u00e9es !Vous cherchez J\u00e9sus de Nazareth, le Crucifi\u00e9 ?Il est ressuscit\u00e9 : il n\u2019est pas ici. \u00bb &nbsp; Marc 16,6 > La bonne nouvelle de P\u00e2ques, c\u2019est celle qu\u2019entendent ces trois femmes, venues embaumer le corps du Crucifi\u00e9. Celle de la myst\u00e9rieuse victoire de la vie sur la mort. Celle qui nous invite \u00e0 ne plus nous laisser gagner par la peur, \u00e0 ne plus \u00eatre effray\u00e9s, mais \u00e0 faire confiance au Dieu de la Vie qui a relev\u00e9 son Fils de la mort. Un appel \u00e0 vivre cette confiance en la r\u00e9surrection dans nos vies qui est tout sauf facile comme le montre encore le verset \u2026 <a class=\"continue-reading-link\" href=\"https:\/\/levangilealecran.com\/?p=3008\"> Continue reading <span class=\"meta-nav\">&rarr; <\/span><\/a><\/p>\n","protected":false},"author":2006,"featured_media":0,"comment_status":"open","ping_status":"open","sticky":false,"template":"","format":"standard","meta":{"footnotes":""},"categories":[4,7,73,254,74],"tags":[879,26,235,586,55],"class_list":["post-3008","post","type-post","status-publish","format-standard","hentry","category-dimanche","category-marc","category-paques","category-semaine-sainte","category-temps-pascal","tag-bonne-nouvelle-2","tag-confiance","tag-mort","tag-peurs","tag-resurrection"],"_links":{"self":[{"href":"https:\/\/levangilealecran.com\/index.php?rest_route=\/wp\/v2\/posts\/3008","targetHints":{"allow":["GET"]}}],"collection":[{"href":"https:\/\/levangilealecran.com\/index.php?rest_route=\/wp\/v2\/posts"}],"about":[{"href":"https:\/\/levangilealecran.com\/index.php?rest_route=\/wp\/v2\/types\/post"}],"author":[{"embeddable":true,"href":"https:\/\/levangilealecran.com\/index.php?rest_route=\/wp\/v2\/users\/2006"}],"replies":[{"embeddable":true,"href":"https:\/\/levangilealecran.com\/index.php?rest_route=%2Fwp%2Fv2%2Fcomments&post=3008"}],"version-history":[{"count":3,"href":"https:\/\/levangilealecran.com\/index.php?rest_route=\/wp\/v2\/posts\/3008\/revisions"}],"predecessor-version":[{"id":3012,"href":"https:\/\/levangilealecran.com\/index.php?rest_route=\/wp\/v2\/posts\/3008\/revisions\/3012"}],"wp:attachment":[{"href":"https:\/\/levangilealecran.com\/index.php?rest_route=%2Fwp%2Fv2%2Fmedia&parent=3008"}],"wp:term":[{"taxonomy":"category","embeddable":true,"href":"https:\/\/levangilealecran.com\/index.php?rest_route=%2Fwp%2Fv2%2Fcategories&post=3008"},{"taxonomy":"post_tag","embeddable":true,"href":"https:\/\/levangilealecran.com\/index.php?rest_route=%2Fwp%2Fv2%2Ftags&post=3008"}],"curies":[{"name":"wp","href":"https:\/\/api.w.org\/{rel}","templated":true}]}}