{"id":3003,"date":"2024-03-29T08:00:00","date_gmt":"2024-03-29T07:00:00","guid":{"rendered":"https:\/\/levangilealecran.com\/?p=3003"},"modified":"2024-03-28T14:42:54","modified_gmt":"2024-03-28T13:42:54","slug":"vendredi-saint-b-29-mars-2024","status":"publish","type":"post","link":"https:\/\/levangilealecran.com\/?p=3003","title":{"rendered":"Vendredi Saint &#8211; B &#8211; 29 mars 2024"},"content":{"rendered":"\n<blockquote class=\"wp-block-quote is-layout-flow wp-block-quote-is-layout-flow\">\n<p class=\"wp-block-paragraph\">\u00ab&nbsp;J\u00e9sus sortit donc ; il portait la couronne d&rsquo;\u00e9pines et le manteau rouge. Et Pilate leur dit : \u00ab Voici l&rsquo;homme ! \u00bb&nbsp;Mais lorsque les grands-pr\u00eatres et les gardes le virent, ils cri\u00e8rent : \u00ab Crucifie-le ! Crucifie-le ! \u00bb<\/p>\n<cite>Jean 19,5-6<\/cite><\/blockquote>\n\n\n<div class=\"wp-block-image\">\n<figure class=\"aligncenter size-full\"><a href=\"https:\/\/levangilealecran.com\/wp-content\/uploads\/2024\/03\/stencil.facebook-ad-carousel-1.jpg\"><img loading=\"lazy\" decoding=\"async\" width=\"600\" height=\"600\" src=\"https:\/\/levangilealecran.com\/wp-content\/uploads\/2024\/03\/stencil.facebook-ad-carousel-1.jpg\" alt=\"\" class=\"wp-image-3004\" srcset=\"https:\/\/levangilealecran.com\/wp-content\/uploads\/2024\/03\/stencil.facebook-ad-carousel-1.jpg 600w, https:\/\/levangilealecran.com\/wp-content\/uploads\/2024\/03\/stencil.facebook-ad-carousel-1-300x300.jpg 300w, https:\/\/levangilealecran.com\/wp-content\/uploads\/2024\/03\/stencil.facebook-ad-carousel-1-150x150.jpg 150w\" sizes=\"auto, (max-width: 600px) 100vw, 600px\" \/><\/a><\/figure>\n<\/div>\n\n\n<p class=\"wp-block-paragraph\"><\/p>\n\n\n\n<p class=\"wp-block-paragraph\"><strong>> Voici l\u2019homme. Humili\u00e9, affaibli, abandonn\u00e9. Voici notre humble\u2026 Sauveur\u00a0! Un homme tortur\u00e9, couronn\u00e9 d\u2019\u00e9pines et v\u00eatu de pourpre par d\u00e9rision, voil\u00e0 la fa\u00e7on dont l\u2019humanit\u00e9 a trait\u00e9 son Dieu qui avait tout donn\u00e9 pour elle. Ceux qui disent \u00ab\u00a0crucifie-le\u00a0!\u00a0\u00bb d\u00e9montrent la violence dont l\u2019humanit\u00e9 est capable, r\u00e9v\u00e9lant en creux le mal qui agit dans le monde.<\/strong><\/p>\n\n\n\n<p class=\"wp-block-paragraph\"><strong>En ce jour de vendredi saint, contemplons l\u2019homme qu\u2019est J\u00e9sus. Prenons le temps de demeurer un instant au pied de la croix, cette croix qui est symbole \u00e0 la fois du mal et de la violence qui traverse le monde, et symbole aussi du don de Dieu jusqu\u2019au bout. Prenons le temps de contempler nos vies et de nos croix, ainsi que nos mani\u00e8res parfois aussi d\u2019abandonner le Christ ou de dire avec d\u2019autres \u00ab&nbsp;crucifie-le&nbsp;!&nbsp;\u00bb\u2026<\/strong><\/p>\n\n\n\n<p class=\"wp-block-paragraph\"><strong><em>Seigneur, Dieu de la Vie,<\/em><br><em>Prends piti\u00e9 de notre monde travers\u00e9 par la violence et le mal.<\/em><br><em>Seigneur, Dieu de la Vie,<\/em><br><em>Prends piti\u00e9 de nous et de nos croix.<\/em><br><em>Amen.<\/em><\/strong><\/p>\n","protected":false},"excerpt":{"rendered":"<p>\u00ab&nbsp;J\u00e9sus sortit donc ; il portait la couronne d&rsquo;\u00e9pines et le manteau rouge. Et Pilate leur dit : \u00ab Voici l&rsquo;homme ! \u00bb&nbsp;Mais lorsque les grands-pr\u00eatres et les gardes le virent, ils cri\u00e8rent : \u00ab Crucifie-le ! Crucifie-le ! \u00bb Jean 19,5-6 > Voici l\u2019homme. Humili\u00e9, affaibli, abandonn\u00e9. Voici notre humble\u2026 Sauveur\u00a0! Un homme tortur\u00e9, couronn\u00e9 d\u2019\u00e9pines et v\u00eatu de pourpre par d\u00e9rision, voil\u00e0 la fa\u00e7on dont l\u2019humanit\u00e9 a trait\u00e9 son Dieu qui avait tout donn\u00e9 pour elle. Ceux qui disent \u00ab\u00a0crucifie-le\u00a0!\u00a0\u00bb d\u00e9montrent la violence dont l\u2019humanit\u00e9 est capable, r\u00e9v\u00e9lant en creux le mal qui agit dans le monde. En ce jour de vendredi saint, contemplons l\u2019homme qu\u2019est J\u00e9sus. Prenons \u2026 <a class=\"continue-reading-link\" href=\"https:\/\/levangilealecran.com\/?p=3003\"> Continue reading <span class=\"meta-nav\">&rarr; <\/span><\/a><\/p>\n","protected":false},"author":2006,"featured_media":0,"comment_status":"open","ping_status":"open","sticky":false,"template":"","format":"standard","meta":{"footnotes":""},"categories":[4,24,5,254],"tags":[68,13,20],"class_list":["post-3003","post","type-post","status-publish","format-standard","hentry","category-dimanche","category-fetes","category-jean","category-semaine-sainte","tag-croix","tag-sauveur","tag-violence"],"_links":{"self":[{"href":"https:\/\/levangilealecran.com\/index.php?rest_route=\/wp\/v2\/posts\/3003","targetHints":{"allow":["GET"]}}],"collection":[{"href":"https:\/\/levangilealecran.com\/index.php?rest_route=\/wp\/v2\/posts"}],"about":[{"href":"https:\/\/levangilealecran.com\/index.php?rest_route=\/wp\/v2\/types\/post"}],"author":[{"embeddable":true,"href":"https:\/\/levangilealecran.com\/index.php?rest_route=\/wp\/v2\/users\/2006"}],"replies":[{"embeddable":true,"href":"https:\/\/levangilealecran.com\/index.php?rest_route=%2Fwp%2Fv2%2Fcomments&post=3003"}],"version-history":[{"count":4,"href":"https:\/\/levangilealecran.com\/index.php?rest_route=\/wp\/v2\/posts\/3003\/revisions"}],"predecessor-version":[{"id":3006,"href":"https:\/\/levangilealecran.com\/index.php?rest_route=\/wp\/v2\/posts\/3003\/revisions\/3006"}],"wp:attachment":[{"href":"https:\/\/levangilealecran.com\/index.php?rest_route=%2Fwp%2Fv2%2Fmedia&parent=3003"}],"wp:term":[{"taxonomy":"category","embeddable":true,"href":"https:\/\/levangilealecran.com\/index.php?rest_route=%2Fwp%2Fv2%2Fcategories&post=3003"},{"taxonomy":"post_tag","embeddable":true,"href":"https:\/\/levangilealecran.com\/index.php?rest_route=%2Fwp%2Fv2%2Ftags&post=3003"}],"curies":[{"name":"wp","href":"https:\/\/api.w.org\/{rel}","templated":true}]}}