{"id":2992,"date":"2024-03-15T08:00:00","date_gmt":"2024-03-15T07:00:00","guid":{"rendered":"https:\/\/levangilealecran.com\/?p=2992"},"modified":"2024-03-13T11:22:43","modified_gmt":"2024-03-13T10:22:43","slug":"5e-dimanche-de-careme-b-17-mars-2024","status":"publish","type":"post","link":"https:\/\/levangilealecran.com\/?p=2992","title":{"rendered":"5e dimanche de Car\u00eame \u2013 B \u2013 17 mars 2024"},"content":{"rendered":"\n<blockquote class=\"wp-block-quote is-layout-flow wp-block-quote-is-layout-flow\">\n<p class=\"wp-block-paragraph\">\u00ab Amen, amen, je vous le dis : si le grain de bl\u00e9 tomb\u00e9 en terre ne meurt pas, il reste seul ; mais s\u2019il meurt, il porte beaucoup de fruit. \u00bb<\/p>\n<cite>Jean 12,24<\/cite><\/blockquote>\n\n\n\n<figure class=\"wp-block-image size-large\"><a href=\"https:\/\/levangilealecran.com\/wp-content\/uploads\/2024\/03\/EALE-17-mars-2024-Jean-12-24-1.jpg\"><img loading=\"lazy\" decoding=\"async\" width=\"1024\" height=\"685\" src=\"https:\/\/levangilealecran.com\/wp-content\/uploads\/2024\/03\/EALE-17-mars-2024-Jean-12-24-1-1024x685.jpg\" alt=\"\" class=\"wp-image-2995\" srcset=\"https:\/\/levangilealecran.com\/wp-content\/uploads\/2024\/03\/EALE-17-mars-2024-Jean-12-24-1-1024x685.jpg 1024w, https:\/\/levangilealecran.com\/wp-content\/uploads\/2024\/03\/EALE-17-mars-2024-Jean-12-24-1-300x201.jpg 300w, https:\/\/levangilealecran.com\/wp-content\/uploads\/2024\/03\/EALE-17-mars-2024-Jean-12-24-1-768x514.jpg 768w, https:\/\/levangilealecran.com\/wp-content\/uploads\/2024\/03\/EALE-17-mars-2024-Jean-12-24-1-150x100.jpg 150w, https:\/\/levangilealecran.com\/wp-content\/uploads\/2024\/03\/EALE-17-mars-2024-Jean-12-24-1-224x150.jpg 224w, https:\/\/levangilealecran.com\/wp-content\/uploads\/2024\/03\/EALE-17-mars-2024-Jean-12-24-1-1320x883.jpg 1320w, https:\/\/levangilealecran.com\/wp-content\/uploads\/2024\/03\/EALE-17-mars-2024-Jean-12-24-1.jpg 1507w\" sizes=\"auto, (max-width: 1024px) 100vw, 1024px\" \/><\/a><\/figure>\n\n\n\n<blockquote class=\"wp-block-quote is-layout-flow wp-block-quote-is-layout-flow\">\n<p class=\"wp-block-paragraph\"><strong>&gt; J\u00e9sus dit cette phrase \u00e0 Philippe et Andr\u00e9, alors qu\u2019ils sont juste venus lui dire que des grecs veulent le voir\u2026 J\u00e9sus serait-il hors-sujet ?<\/strong><\/p>\n\n\n\n<p class=\"wp-block-paragraph\"><strong>Non, bien s\u00fbr ! Voir J\u00e9sus, c\u2019est voir celui qui va vaincre la mort et en faire un simple passage pour nous tous. Or tout est sous nos yeux pour le comprendre : le cycle des saisons nous montre une nature qui meurt en hiver avant de ressusciter au printemps.<\/strong><\/p>\n\n\n\n<p class=\"wp-block-paragraph\"><strong>Dans les beaux jours qui arrivent, sachons reconna\u00eetre la r\u00e9surrection en train d\u2019agir et contemplons notre r\u00e9surrection future !<\/strong><\/p>\n<\/blockquote>\n","protected":false},"excerpt":{"rendered":"<p>\u00ab Amen, amen, je vous le dis : si le grain de bl\u00e9 tomb\u00e9 en terre ne meurt pas, il reste seul ; mais s\u2019il meurt, il porte beaucoup de fruit. \u00bb Jean 12,24 &gt; J\u00e9sus dit cette phrase \u00e0 Philippe et Andr\u00e9, alors qu\u2019ils sont juste venus lui dire que des grecs veulent le voir\u2026 J\u00e9sus serait-il hors-sujet ? Non, bien s\u00fbr ! Voir J\u00e9sus, c\u2019est voir celui qui va vaincre la mort et en faire un simple passage pour nous tous. Or tout est sous nos yeux pour le comprendre : le cycle des saisons nous montre une nature qui meurt en hiver avant de ressusciter au printemps. \u2026 <a class=\"continue-reading-link\" href=\"https:\/\/levangilealecran.com\/?p=2992\"> Continue reading <span class=\"meta-nav\">&rarr; <\/span><\/a><\/p>\n","protected":false},"author":2006,"featured_media":0,"comment_status":"open","ping_status":"open","sticky":false,"template":"","format":"standard","meta":{"footnotes":""},"categories":[44,5],"tags":[953,954,577,55],"class_list":["post-2992","post","type-post","status-publish","format-standard","hentry","category-careme","category-jean","tag-grain-de-ble","tag-mourir","tag-printemps","tag-resurrection"],"_links":{"self":[{"href":"https:\/\/levangilealecran.com\/index.php?rest_route=\/wp\/v2\/posts\/2992","targetHints":{"allow":["GET"]}}],"collection":[{"href":"https:\/\/levangilealecran.com\/index.php?rest_route=\/wp\/v2\/posts"}],"about":[{"href":"https:\/\/levangilealecran.com\/index.php?rest_route=\/wp\/v2\/types\/post"}],"author":[{"embeddable":true,"href":"https:\/\/levangilealecran.com\/index.php?rest_route=\/wp\/v2\/users\/2006"}],"replies":[{"embeddable":true,"href":"https:\/\/levangilealecran.com\/index.php?rest_route=%2Fwp%2Fv2%2Fcomments&post=2992"}],"version-history":[{"count":3,"href":"https:\/\/levangilealecran.com\/index.php?rest_route=\/wp\/v2\/posts\/2992\/revisions"}],"predecessor-version":[{"id":2997,"href":"https:\/\/levangilealecran.com\/index.php?rest_route=\/wp\/v2\/posts\/2992\/revisions\/2997"}],"wp:attachment":[{"href":"https:\/\/levangilealecran.com\/index.php?rest_route=%2Fwp%2Fv2%2Fmedia&parent=2992"}],"wp:term":[{"taxonomy":"category","embeddable":true,"href":"https:\/\/levangilealecran.com\/index.php?rest_route=%2Fwp%2Fv2%2Fcategories&post=2992"},{"taxonomy":"post_tag","embeddable":true,"href":"https:\/\/levangilealecran.com\/index.php?rest_route=%2Fwp%2Fv2%2Ftags&post=2992"}],"curies":[{"name":"wp","href":"https:\/\/api.w.org\/{rel}","templated":true}]}}