{"id":2973,"date":"2024-02-23T08:00:00","date_gmt":"2024-02-23T07:00:00","guid":{"rendered":"https:\/\/levangilealecran.com\/?p=2973"},"modified":"2024-02-22T16:28:36","modified_gmt":"2024-02-22T15:28:36","slug":"2e-dimanche-de-careme-b-25-fevrier-2024","status":"publish","type":"post","link":"https:\/\/levangilealecran.com\/?p=2973","title":{"rendered":"2e dimanche de Car\u00eame \u2013 B \u2013 25 f\u00e9vrier 2024"},"content":{"rendered":"\n<blockquote class=\"wp-block-quote is-layout-flow wp-block-quote-is-layout-flow\"><p>\u00ab \u2026les disciples ne virent plus que J\u00e9sus seul. \u00bb<\/p><cite>Marc 9, 8<\/cite><\/blockquote>\n\n\n\n<figure class=\"wp-block-image size-large\"><a href=\"https:\/\/levangilealecran.com\/wp-content\/uploads\/2024\/02\/hilly-2572197-scaled.jpg\"><img loading=\"lazy\" decoding=\"async\" width=\"1024\" height=\"178\" src=\"https:\/\/levangilealecran.com\/wp-content\/uploads\/2024\/02\/hilly-2572197-1024x178.jpg\" alt=\"\" class=\"wp-image-2974\" srcset=\"https:\/\/levangilealecran.com\/wp-content\/uploads\/2024\/02\/hilly-2572197-1024x178.jpg 1024w, https:\/\/levangilealecran.com\/wp-content\/uploads\/2024\/02\/hilly-2572197-300x52.jpg 300w, https:\/\/levangilealecran.com\/wp-content\/uploads\/2024\/02\/hilly-2572197-768x134.jpg 768w, https:\/\/levangilealecran.com\/wp-content\/uploads\/2024\/02\/hilly-2572197-1536x267.jpg 1536w, https:\/\/levangilealecran.com\/wp-content\/uploads\/2024\/02\/hilly-2572197-2048x356.jpg 2048w, https:\/\/levangilealecran.com\/wp-content\/uploads\/2024\/02\/hilly-2572197-150x26.jpg 150w, https:\/\/levangilealecran.com\/wp-content\/uploads\/2024\/02\/hilly-2572197-250x43.jpg 250w, https:\/\/levangilealecran.com\/wp-content\/uploads\/2024\/02\/hilly-2572197-1320x230.jpg 1320w\" sizes=\"auto, (max-width: 1024px) 100vw, 1024px\" \/><\/a><\/figure>\n\n\n\n<p class=\"wp-block-paragraph\"><strong><span style=\"text-decoration: underline;\">HALLUCINATION<\/span><\/strong><\/p>\n\n\n\n<p class=\"wp-block-paragraph\"><strong>> Pierre, Jacques et Jean partagent une exp\u00e9rience qui est proche de l\u2019hallucination, ce ph\u00e9nom\u00e8ne psychique par lequel un sujet en \u00e9tat de veille \u00e9prouve des perceptions sans qu\u2019aucun objet ext\u00e9rieur les fasse na\u00eetre. Au cours d\u2019une promenade qui les m\u00e8nent sur une haute montagne, en compagnie de leur ami J\u00e9sus, voil\u00e0 que la lumi\u00e8re se fait \u00e9blouissante, si forte que rien n\u2019est plus per\u00e7u comme avant. La lumi\u00e8re lave plus blanc que blanc. Deux personnages importants dans l\u2019histoire des juifs font leur apparition : Mo\u00efse et Elie. Comment les ont-ils reconnus ? Certainement pas d\u2019apr\u00e8s leur photo d\u2019identit\u00e9 ! Peut-\u00eatre en raison des propos que ces deux tiennent avec J\u00e9sus.<\/strong><\/p>\n\n\n\n<p class=\"wp-block-paragraph\"><strong>Les trois gaillards (hommes pleins de vigueur, de force et de sant\u00e9) paniquent, Pierre propose \u00e0 J\u00e9sus qu\u2019ils s\u2019installent tous l\u00e0. Signe que ces trois perdent leurs moyens ! O\u00f9 trouveraient-ils le mat\u00e9riel de \u00ab camping \u00bb ? Comble de l\u2019histoire : une nu\u00e9e parlante les couvrent, leur intimant l\u2019ordre d\u2019\u00e9couter le Fils bien-aim\u00e9. Ce J\u00e9sus qu\u2019ils croyaient conna\u00eetre leur tient des propos qu\u2019ils ne comprennent pas, en particulier quand il parle de r\u00e9surrection !<\/strong><\/p>\n\n\n\n<p class=\"wp-block-paragraph\"><strong>Cet \u00e9v\u00e9nement semble vouloir mettre en lumi\u00e8re le fait que nous croyons conna\u00eetre, savoir ou avoir saisi. Comme celle des disciples, notre compr\u00e9hension est partielle. La saintet\u00e9 de Dieu et sa puissance (capable de faire appara\u00eetre des morts) se montrent de mani\u00e8re fugace. Elles bousculent nos fondements, remettent nos certitudes, nos savoirs en question. Mais, heureusement, J\u00e9sus est celui qui demeure aupr\u00e8s de nous quand tout est \u00e9branl\u00e9. Ne voyons plus que J\u00e9sus seul et gardons les yeux fix\u00e9s sur Lui qui nous a ouvert le chemin de la foi (H\u00e9breux 12, 2)<\/strong><\/p>\n","protected":false},"excerpt":{"rendered":"<p>\u00ab \u2026les disciples ne virent plus que J\u00e9sus seul. \u00bb Marc 9, 8 HALLUCINATION > Pierre, Jacques et Jean partagent une exp\u00e9rience qui est proche de l\u2019hallucination, ce ph\u00e9nom\u00e8ne psychique par lequel un sujet en \u00e9tat de veille \u00e9prouve des perceptions sans qu\u2019aucun objet ext\u00e9rieur les fasse na\u00eetre. Au cours d\u2019une promenade qui les m\u00e8nent sur une haute montagne, en compagnie de leur ami J\u00e9sus, voil\u00e0 que la lumi\u00e8re se fait \u00e9blouissante, si forte que rien n\u2019est plus per\u00e7u comme avant. La lumi\u00e8re lave plus blanc que blanc. Deux personnages importants dans l\u2019histoire des juifs font leur apparition : Mo\u00efse et Elie. Comment les ont-ils reconnus ? Certainement pas d\u2019apr\u00e8s \u2026 <a class=\"continue-reading-link\" href=\"https:\/\/levangilealecran.com\/?p=2973\"> Continue reading <span class=\"meta-nav\">&rarr; <\/span><\/a><\/p>\n","protected":false},"author":2006,"featured_media":0,"comment_status":"open","ping_status":"open","sticky":false,"template":"","format":"standard","meta":{"footnotes":""},"categories":[44,4,7],"tags":[237,952,55,49],"class_list":["post-2973","post","type-post","status-publish","format-standard","hentry","category-careme","category-dimanche","category-marc","tag-lumiere","tag-nuee","tag-resurrection","tag-transfiguration"],"_links":{"self":[{"href":"https:\/\/levangilealecran.com\/index.php?rest_route=\/wp\/v2\/posts\/2973","targetHints":{"allow":["GET"]}}],"collection":[{"href":"https:\/\/levangilealecran.com\/index.php?rest_route=\/wp\/v2\/posts"}],"about":[{"href":"https:\/\/levangilealecran.com\/index.php?rest_route=\/wp\/v2\/types\/post"}],"author":[{"embeddable":true,"href":"https:\/\/levangilealecran.com\/index.php?rest_route=\/wp\/v2\/users\/2006"}],"replies":[{"embeddable":true,"href":"https:\/\/levangilealecran.com\/index.php?rest_route=%2Fwp%2Fv2%2Fcomments&post=2973"}],"version-history":[{"count":1,"href":"https:\/\/levangilealecran.com\/index.php?rest_route=\/wp\/v2\/posts\/2973\/revisions"}],"predecessor-version":[{"id":2975,"href":"https:\/\/levangilealecran.com\/index.php?rest_route=\/wp\/v2\/posts\/2973\/revisions\/2975"}],"wp:attachment":[{"href":"https:\/\/levangilealecran.com\/index.php?rest_route=%2Fwp%2Fv2%2Fmedia&parent=2973"}],"wp:term":[{"taxonomy":"category","embeddable":true,"href":"https:\/\/levangilealecran.com\/index.php?rest_route=%2Fwp%2Fv2%2Fcategories&post=2973"},{"taxonomy":"post_tag","embeddable":true,"href":"https:\/\/levangilealecran.com\/index.php?rest_route=%2Fwp%2Fv2%2Ftags&post=2973"}],"curies":[{"name":"wp","href":"https:\/\/api.w.org\/{rel}","templated":true}]}}