{"id":2968,"date":"2024-02-16T08:00:00","date_gmt":"2024-02-16T07:00:00","guid":{"rendered":"https:\/\/levangilealecran.com\/?p=2968"},"modified":"2024-02-13T11:14:39","modified_gmt":"2024-02-13T10:14:39","slug":"1er-dimanche-de-careme-b-18-fevrier-2024","status":"publish","type":"post","link":"https:\/\/levangilealecran.com\/?p=2968","title":{"rendered":"1er dimanche de Car\u00eame \u2013 B \u2013 18 f\u00e9vrier 2024"},"content":{"rendered":"\n<blockquote class=\"wp-block-quote is-layout-flow wp-block-quote-is-layout-flow\"><p>\u00ab <strong>Aussit\u00f4t<\/strong> l\u2019Esprit le pousse au d\u00e9sert \u00bb<\/p><cite>Marc 1,12<\/cite><\/blockquote>\n\n\n\n<figure class=\"wp-block-image size-full\"><a href=\"https:\/\/levangilealecran.com\/wp-content\/uploads\/2024\/02\/ImageEvEcr2024_02_18.jpg\"><img loading=\"lazy\" decoding=\"async\" width=\"600\" height=\"600\" src=\"https:\/\/levangilealecran.com\/wp-content\/uploads\/2024\/02\/ImageEvEcr2024_02_18.jpg\" alt=\"\" class=\"wp-image-2969\" srcset=\"https:\/\/levangilealecran.com\/wp-content\/uploads\/2024\/02\/ImageEvEcr2024_02_18.jpg 600w, https:\/\/levangilealecran.com\/wp-content\/uploads\/2024\/02\/ImageEvEcr2024_02_18-300x300.jpg 300w, https:\/\/levangilealecran.com\/wp-content\/uploads\/2024\/02\/ImageEvEcr2024_02_18-150x150.jpg 150w\" sizes=\"auto, (max-width: 600px) 100vw, 600px\" \/><\/a><\/figure>\n\n\n\n<p class=\"wp-block-paragraph\"><strong>> \u00ab Aussit\u00f4t \u00bb : ce petit mot se trouve 42 fois dans l\u2019\u00c9vangile de Marc, 11 fois dans son premier chapitre. \u00ab Aussit\u00f4t \u00bb : un mot qui signifie bien s\u00fbr l\u2019encha\u00eenement des actions, ici en l\u2019occurrence le bapt\u00eame de J\u00e9sus (Mc 1,9-11) suivi du d\u00e9sert (Mc 1,12-15), suivi de l\u2019appel des disciples (Mc 1,14-20), suivi de l\u2019enseignement \u00e0 Capharna\u00fcm, (Mc 1,21-28), etc. Mais plus en profondeur, ce petit mot \u00ab aussit\u00f4t \u00bb signifie l\u2019imp\u00e9ratif, l\u2019urgence de telle ou telle action. L\u2019imp\u00e9ratif de passer par le d\u00e9sert avant de d\u00e9buter le minist\u00e8re, d\u2019appeler les disciples et d\u2019enseigner. L\u2019urgence de suivre le Christ et de r\u00e9pandre la Bonne Nouvelle.<\/strong><\/p>\n\n\n\n<p class=\"wp-block-paragraph\"><strong>Le d\u00e9sert est donc pour J\u00e9sus un imp\u00e9ratif. Pas moyen d\u2019en faire l\u2019\u00e9conomie. C\u2019est d\u2019ailleurs l\u2019Esprit, celui-l\u00e0 m\u00eame qui est descendu sur J\u00e9sus au bapt\u00eame, qui le pousse violemment au d\u00e9sert, qui l\u2019y jette. Nous pouvons imaginer que J\u00e9sus aurait pr\u00e9f\u00e9r\u00e9 l\u2019\u00e9viter, mais le d\u00e9sert est un imp\u00e9ratif : sa vocation va se forger au creuset du d\u00e9sert, des tentations et de la solitude.<\/strong><\/p>\n\n\n\n<p class=\"wp-block-paragraph\"><strong>Bien souvent nous aussi nous pr\u00e9f\u00e9rerions \u00e9viter les d\u00e9serts de notre vie, \u00e9viter les tentations, \u00e9viter la solitude. Mais nous y sommes jet\u00e9s, comme J\u00e9sus. Aussit\u00f4t. Depuis mercredi, nous avons d\u00e9but\u00e9 ce temps de d\u00e9sert, de pr\u00e9paration, qu\u2019est le car\u00eame. Un temps d\u2019arr\u00eat imp\u00e9ratif, n\u00e9cessaire, qui dit l\u2019urgence pour chacune et chacun d\u2019aller au d\u00e9sert, nous aussi, pour forger notre vocation de femme et d\u2019homme au service de Dieu. Que ce temps de car\u00eame puisse \u00eatre un temps de d\u00e9sert f\u00e9cond pour chacune et chacun !<\/strong><\/p>\n","protected":false},"excerpt":{"rendered":"<p>\u00ab Aussit\u00f4t l\u2019Esprit le pousse au d\u00e9sert \u00bb Marc 1,12 > \u00ab Aussit\u00f4t \u00bb : ce petit mot se trouve 42 fois dans l\u2019\u00c9vangile de Marc, 11 fois dans son premier chapitre. \u00ab Aussit\u00f4t \u00bb : un mot qui signifie bien s\u00fbr l\u2019encha\u00eenement des actions, ici en l\u2019occurrence le bapt\u00eame de J\u00e9sus (Mc 1,9-11) suivi du d\u00e9sert (Mc 1,12-15), suivi de l\u2019appel des disciples (Mc 1,14-20), suivi de l\u2019enseignement \u00e0 Capharna\u00fcm, (Mc 1,21-28), etc. Mais plus en profondeur, ce petit mot \u00ab aussit\u00f4t \u00bb signifie l\u2019imp\u00e9ratif, l\u2019urgence de telle ou telle action. L\u2019imp\u00e9ratif de passer par le d\u00e9sert avant de d\u00e9buter le minist\u00e8re, d\u2019appeler les disciples et d\u2019enseigner. L\u2019urgence de \u2026 <a class=\"continue-reading-link\" href=\"https:\/\/levangilealecran.com\/?p=2968\"> Continue reading <span class=\"meta-nav\">&rarr; <\/span><\/a><\/p>\n","protected":false},"author":2006,"featured_media":0,"comment_status":"open","ping_status":"open","sticky":false,"template":"","format":"standard","meta":{"footnotes":""},"categories":[44,4,7],"tags":[289,951,374,695],"class_list":["post-2968","post","type-post","status-publish","format-standard","hentry","category-careme","category-dimanche","category-marc","tag-desert","tag-imperatif","tag-tentations","tag-urgence"],"_links":{"self":[{"href":"https:\/\/levangilealecran.com\/index.php?rest_route=\/wp\/v2\/posts\/2968","targetHints":{"allow":["GET"]}}],"collection":[{"href":"https:\/\/levangilealecran.com\/index.php?rest_route=\/wp\/v2\/posts"}],"about":[{"href":"https:\/\/levangilealecran.com\/index.php?rest_route=\/wp\/v2\/types\/post"}],"author":[{"embeddable":true,"href":"https:\/\/levangilealecran.com\/index.php?rest_route=\/wp\/v2\/users\/2006"}],"replies":[{"embeddable":true,"href":"https:\/\/levangilealecran.com\/index.php?rest_route=%2Fwp%2Fv2%2Fcomments&post=2968"}],"version-history":[{"count":2,"href":"https:\/\/levangilealecran.com\/index.php?rest_route=\/wp\/v2\/posts\/2968\/revisions"}],"predecessor-version":[{"id":2971,"href":"https:\/\/levangilealecran.com\/index.php?rest_route=\/wp\/v2\/posts\/2968\/revisions\/2971"}],"wp:attachment":[{"href":"https:\/\/levangilealecran.com\/index.php?rest_route=%2Fwp%2Fv2%2Fmedia&parent=2968"}],"wp:term":[{"taxonomy":"category","embeddable":true,"href":"https:\/\/levangilealecran.com\/index.php?rest_route=%2Fwp%2Fv2%2Fcategories&post=2968"},{"taxonomy":"post_tag","embeddable":true,"href":"https:\/\/levangilealecran.com\/index.php?rest_route=%2Fwp%2Fv2%2Ftags&post=2968"}],"curies":[{"name":"wp","href":"https:\/\/api.w.org\/{rel}","templated":true}]}}