{"id":2965,"date":"2024-02-09T08:00:00","date_gmt":"2024-02-09T07:00:00","guid":{"rendered":"https:\/\/levangilealecran.com\/?p=2965"},"modified":"2024-02-08T16:56:27","modified_gmt":"2024-02-08T15:56:27","slug":"6e-dimanche-du-temps-ordinaire-b-11-fevrier-2024","status":"publish","type":"post","link":"https:\/\/levangilealecran.com\/?p=2965","title":{"rendered":"6e dimanche du Temps ordinaire \u2013 B \u2013 11 f\u00e9vrier 2024"},"content":{"rendered":"\n<blockquote class=\"wp-block-quote is-layout-flow wp-block-quote-is-layout-flow\"><p>\u00ab\u00a0Saisi de compassion, J\u00e9sus \u00e9tendit la main, le toucha et lui dit : \u00ab Je le veux, sois purifi\u00e9. \u00bb\u00a0\u00bb<\/p><cite>Marc 1,41<\/cite><\/blockquote>\n\n\n\n<figure class=\"wp-block-image size-large\"><a href=\"https:\/\/levangilealecran.com\/wp-content\/uploads\/2024\/02\/pexels-rubenstein-rebello-4381308.jpg\"><img loading=\"lazy\" decoding=\"async\" width=\"820\" height=\"1024\" src=\"https:\/\/levangilealecran.com\/wp-content\/uploads\/2024\/02\/pexels-rubenstein-rebello-4381308-820x1024.jpg\" alt=\"\" class=\"wp-image-2966\" srcset=\"https:\/\/levangilealecran.com\/wp-content\/uploads\/2024\/02\/pexels-rubenstein-rebello-4381308-820x1024.jpg 820w, https:\/\/levangilealecran.com\/wp-content\/uploads\/2024\/02\/pexels-rubenstein-rebello-4381308-240x300.jpg 240w, https:\/\/levangilealecran.com\/wp-content\/uploads\/2024\/02\/pexels-rubenstein-rebello-4381308-768x960.jpg 768w, https:\/\/levangilealecran.com\/wp-content\/uploads\/2024\/02\/pexels-rubenstein-rebello-4381308-1229x1536.jpg 1229w, https:\/\/levangilealecran.com\/wp-content\/uploads\/2024\/02\/pexels-rubenstein-rebello-4381308-1639x2048.jpg 1639w, https:\/\/levangilealecran.com\/wp-content\/uploads\/2024\/02\/pexels-rubenstein-rebello-4381308-120x150.jpg 120w, https:\/\/levangilealecran.com\/wp-content\/uploads\/2024\/02\/pexels-rubenstein-rebello-4381308-1320x1649.jpg 1320w, https:\/\/levangilealecran.com\/wp-content\/uploads\/2024\/02\/pexels-rubenstein-rebello-4381308.jpg 1980w\" sizes=\"auto, (max-width: 820px) 100vw, 820px\" \/><\/a><\/figure>\n\n\n\n<p class=\"wp-block-paragraph\"><strong>> Pris de compassion, J\u00e9sus tend la main, une main ouverte qui ose et qui franchit les interdits! Imaginez-vous que la l\u00e8pre, c&rsquo;est contagieux et cela prive celui qui en souffre de tous les contacts entre \u00eatres humains! Les l\u00e9preux, en ce temps-l\u00e0, ce sont les bannis, ils vivent \u00e0 l&rsquo;ext\u00e9rieur des villes et moulinent avec leur cr\u00e9celle pour que l&rsquo;on s&rsquo;\u00e9carte \u00e0 temps de leur passage&#8230;<\/strong><\/p>\n\n\n\n<p class=\"wp-block-paragraph\"><strong>Cette semaine, vers quelle personne exclue pourrais-je tendre la main et lui offrir un contact bienfaisant qui la sorte de son isolement? Et la r\u00e9ciproque : quelle part de moi me rend un peu \u00e9trang\u00e8re au monde qui m&rsquo;entoure, quelle est ma diff\u00e9rence qui pourrait avoir besoin du soin que J\u00e9sus donne, Lui qui risque sa peau pour moi?<\/strong><\/p>\n","protected":false},"excerpt":{"rendered":"<p>\u00ab\u00a0Saisi de compassion, J\u00e9sus \u00e9tendit la main, le toucha et lui dit : \u00ab Je le veux, sois purifi\u00e9. \u00bb\u00a0\u00bb Marc 1,41 > Pris de compassion, J\u00e9sus tend la main, une main ouverte qui ose et qui franchit les interdits! Imaginez-vous que la l\u00e8pre, c&rsquo;est contagieux et cela prive celui qui en souffre de tous les contacts entre \u00eatres humains! Les l\u00e9preux, en ce temps-l\u00e0, ce sont les bannis, ils vivent \u00e0 l&rsquo;ext\u00e9rieur des villes et moulinent avec leur cr\u00e9celle pour que l&rsquo;on s&rsquo;\u00e9carte \u00e0 temps de leur passage&#8230; Cette semaine, vers quelle personne exclue pourrais-je tendre la main et lui offrir un contact bienfaisant qui la sorte de son \u2026 <a class=\"continue-reading-link\" href=\"https:\/\/levangilealecran.com\/?p=2965\"> Continue reading <span class=\"meta-nav\">&rarr; <\/span><\/a><\/p>\n","protected":false},"author":2006,"featured_media":0,"comment_status":"open","ping_status":"open","sticky":false,"template":"","format":"standard","meta":{"footnotes":""},"categories":[4,7],"tags":[732,372,698],"class_list":["post-2965","post","type-post","status-publish","format-standard","hentry","category-dimanche","category-marc","tag-compassion","tag-lepreux","tag-soin"],"_links":{"self":[{"href":"https:\/\/levangilealecran.com\/index.php?rest_route=\/wp\/v2\/posts\/2965","targetHints":{"allow":["GET"]}}],"collection":[{"href":"https:\/\/levangilealecran.com\/index.php?rest_route=\/wp\/v2\/posts"}],"about":[{"href":"https:\/\/levangilealecran.com\/index.php?rest_route=\/wp\/v2\/types\/post"}],"author":[{"embeddable":true,"href":"https:\/\/levangilealecran.com\/index.php?rest_route=\/wp\/v2\/users\/2006"}],"replies":[{"embeddable":true,"href":"https:\/\/levangilealecran.com\/index.php?rest_route=%2Fwp%2Fv2%2Fcomments&post=2965"}],"version-history":[{"count":1,"href":"https:\/\/levangilealecran.com\/index.php?rest_route=\/wp\/v2\/posts\/2965\/revisions"}],"predecessor-version":[{"id":2967,"href":"https:\/\/levangilealecran.com\/index.php?rest_route=\/wp\/v2\/posts\/2965\/revisions\/2967"}],"wp:attachment":[{"href":"https:\/\/levangilealecran.com\/index.php?rest_route=%2Fwp%2Fv2%2Fmedia&parent=2965"}],"wp:term":[{"taxonomy":"category","embeddable":true,"href":"https:\/\/levangilealecran.com\/index.php?rest_route=%2Fwp%2Fv2%2Fcategories&post=2965"},{"taxonomy":"post_tag","embeddable":true,"href":"https:\/\/levangilealecran.com\/index.php?rest_route=%2Fwp%2Fv2%2Ftags&post=2965"}],"curies":[{"name":"wp","href":"https:\/\/api.w.org\/{rel}","templated":true}]}}