{"id":2938,"date":"2023-12-29T17:34:00","date_gmt":"2023-12-29T16:34:00","guid":{"rendered":"https:\/\/levangilealecran.com\/?p=2938"},"modified":"2023-12-22T17:43:51","modified_gmt":"2023-12-22T16:43:51","slug":"la-sainte-famille-annee-b-31-decembre-2023","status":"publish","type":"post","link":"https:\/\/levangilealecran.com\/?p=2938","title":{"rendered":"La Sainte Famille &#8211; Ann\u00e9e B &#8211; 31 d\u00e9cembre 2023"},"content":{"rendered":"\n<figure class=\"wp-block-image size-full is-resized\"><a href=\"https:\/\/levangilealecran.com\/wp-content\/uploads\/2023\/12\/stencil.logo-large-2.png\"><img loading=\"lazy\" decoding=\"async\" src=\"https:\/\/levangilealecran.com\/wp-content\/uploads\/2023\/12\/stencil.logo-large-2.png\" alt=\"\" class=\"wp-image-2939\" width=\"600\" height=\"600\" srcset=\"https:\/\/levangilealecran.com\/wp-content\/uploads\/2023\/12\/stencil.logo-large-2.png 1200w, https:\/\/levangilealecran.com\/wp-content\/uploads\/2023\/12\/stencil.logo-large-2-300x300.png 300w, https:\/\/levangilealecran.com\/wp-content\/uploads\/2023\/12\/stencil.logo-large-2-1024x1024.png 1024w, https:\/\/levangilealecran.com\/wp-content\/uploads\/2023\/12\/stencil.logo-large-2-150x150.png 150w, https:\/\/levangilealecran.com\/wp-content\/uploads\/2023\/12\/stencil.logo-large-2-768x768.png 768w\" sizes=\"auto, (max-width: 600px) 100vw, 600px\" \/><\/a><\/figure>\n\n\n\n<blockquote class=\"wp-block-quote is-layout-flow wp-block-quote-is-layout-flow\"><p>\u00abSous l\u2019action de l\u2019Esprit, Sym\u00e9on vint au Temple[\u2026] il re\u00e7ut l\u2019enfant dans ses bras, et il b\u00e9nit Dieu\u00bb<\/p><cite>(Luc 2, 27.28)<\/cite><\/blockquote>\n\n\n\n<p class=\"wp-block-paragraph\"><strong>> Dans ce passage de l\u2019\u00c9vangile de Luc, nous voyons comment Sym\u00e9on, un homme juste et pieux, est conduit par l\u2019Esprit Saint jusqu\u2019au Temple de J\u00e9rusalem. Et c&rsquo;est l\u00e0 que &#8211; non pas par hasard mais par un timing divin &#8211; il rencontre le petit J\u00e9sus, justement pr\u00e9sent\u00e9 ce jour-l\u00e0 par ses parents. Qui plus est, Marie et Joseph lui confient l\u2019enfant dans ses bras ! Il a vu le salut que Dieu a pr\u00e9par\u00e9 pour tous les peuples et rend gr\u00e2ce \u00e0 Dieu ! Sym\u00e9on est un mod\u00e8le pour nous car il se laisse guider par l\u2019Esprit Saint vers l\u2019\u00c9glise, la communaut\u00e9 des croyants qui se rassemble pour prier. C\u2019est l\u00e0 que nous recevons J\u00e9sus, comme un cadeau pr\u00e9cieux, comme un enfant qu\u2019on serre contre son c\u0153ur. Cette image nous rappelle que J\u00e9sus est proche de nous, qu\u2019il nous aime et qu\u2019il veut que nous l\u2019aimions.<br>> Alors que nous sommes encore remplis de la lumi\u00e8re de No\u00ebl pass\u00e9 et \u00e0 la veille d\u2019une nouvelle ann\u00e9e, pr\u00e9parons-nous \u00e0 accueillir J\u00e9sus dans nos vies. Laissons-nous conduire par l\u2019Esprit Saint. Rencontrons J\u00e9sus dans l\u2019\u00c9glise, dans la pri\u00e8re, dans la Parole de Dieu, dans les sacrements, dans nos fr\u00e8res et s\u0153urs. Accueillons-le dans nos bras, dans notre vie, dans notre c\u0153ur. Que la joie de la nouvelle ann\u00e9e remplisse nos \u00e2mes. Que Dieu nous b\u00e9nisse et nous prot\u00e8ge. Bonne ann\u00e9e \u00e0 tous. Amen.<\/strong><\/p>\n","protected":false},"excerpt":{"rendered":"<p>\u00abSous l\u2019action de l\u2019Esprit, Sym\u00e9on vint au Temple[\u2026] il re\u00e7ut l\u2019enfant dans ses bras, et il b\u00e9nit Dieu\u00bb (Luc 2, 27.28) > Dans ce passage de l\u2019\u00c9vangile de Luc, nous voyons comment Sym\u00e9on, un homme juste et pieux, est conduit par l\u2019Esprit Saint jusqu\u2019au Temple de J\u00e9rusalem. Et c&rsquo;est l\u00e0 que &#8211; non pas par hasard mais par un timing divin &#8211; il rencontre le petit J\u00e9sus, justement pr\u00e9sent\u00e9 ce jour-l\u00e0 par ses parents. Qui plus est, Marie et Joseph lui confient l\u2019enfant dans ses bras ! Il a vu le salut que Dieu a pr\u00e9par\u00e9 pour tous les peuples et rend gr\u00e2ce \u00e0 Dieu ! Sym\u00e9on est un mod\u00e8le \u2026 <a class=\"continue-reading-link\" href=\"https:\/\/levangilealecran.com\/?p=2938\"> Continue reading <span class=\"meta-nav\">&rarr; <\/span><\/a><\/p>\n","protected":false},"author":2005,"featured_media":0,"comment_status":"open","ping_status":"open","sticky":false,"template":"","format":"standard","meta":{"footnotes":""},"categories":[4,24,6,201],"tags":[66],"class_list":["post-2938","post","type-post","status-publish","format-standard","hentry","category-dimanche","category-fetes","category-luc","category-noel","tag-accueillir"],"_links":{"self":[{"href":"https:\/\/levangilealecran.com\/index.php?rest_route=\/wp\/v2\/posts\/2938","targetHints":{"allow":["GET"]}}],"collection":[{"href":"https:\/\/levangilealecran.com\/index.php?rest_route=\/wp\/v2\/posts"}],"about":[{"href":"https:\/\/levangilealecran.com\/index.php?rest_route=\/wp\/v2\/types\/post"}],"author":[{"embeddable":true,"href":"https:\/\/levangilealecran.com\/index.php?rest_route=\/wp\/v2\/users\/2005"}],"replies":[{"embeddable":true,"href":"https:\/\/levangilealecran.com\/index.php?rest_route=%2Fwp%2Fv2%2Fcomments&post=2938"}],"version-history":[{"count":1,"href":"https:\/\/levangilealecran.com\/index.php?rest_route=\/wp\/v2\/posts\/2938\/revisions"}],"predecessor-version":[{"id":2940,"href":"https:\/\/levangilealecran.com\/index.php?rest_route=\/wp\/v2\/posts\/2938\/revisions\/2940"}],"wp:attachment":[{"href":"https:\/\/levangilealecran.com\/index.php?rest_route=%2Fwp%2Fv2%2Fmedia&parent=2938"}],"wp:term":[{"taxonomy":"category","embeddable":true,"href":"https:\/\/levangilealecran.com\/index.php?rest_route=%2Fwp%2Fv2%2Fcategories&post=2938"},{"taxonomy":"post_tag","embeddable":true,"href":"https:\/\/levangilealecran.com\/index.php?rest_route=%2Fwp%2Fv2%2Ftags&post=2938"}],"curies":[{"name":"wp","href":"https:\/\/api.w.org\/{rel}","templated":true}]}}