{"id":2932,"date":"2023-12-25T06:00:00","date_gmt":"2023-12-25T05:00:00","guid":{"rendered":"https:\/\/levangilealecran.com\/?p=2932"},"modified":"2023-12-20T10:44:57","modified_gmt":"2023-12-20T09:44:57","slug":"nativite-b-25-decembre-2023","status":"publish","type":"post","link":"https:\/\/levangilealecran.com\/?p=2932","title":{"rendered":"Nativit\u00e9 &#8211; B &#8211; 25 d\u00e9cembre 2023"},"content":{"rendered":"\n<blockquote class=\"wp-block-quote is-layout-flow wp-block-quote-is-layout-flow\"><p>\u00ab\u00a0Mais \u00e0 tous ceux qui ont re\u00e7u cette lumi\u00e8re, \u00e0 ceux qui croient en son nom, elle a donn\u00e9 le pouvoir de devenir enfants de Dieu.\u00a0\u00bb<\/p><cite>Jean 1,12<\/cite><\/blockquote>\n\n\n\n<figure class=\"wp-block-image size-full\"><a href=\"https:\/\/levangilealecran.com\/wp-content\/uploads\/2023\/12\/FB_IMG_1697806472575.jpg\"><img loading=\"lazy\" decoding=\"async\" width=\"533\" height=\"800\" src=\"https:\/\/levangilealecran.com\/wp-content\/uploads\/2023\/12\/FB_IMG_1697806472575.jpg\" alt=\"\" class=\"wp-image-2933\" srcset=\"https:\/\/levangilealecran.com\/wp-content\/uploads\/2023\/12\/FB_IMG_1697806472575.jpg 533w, https:\/\/levangilealecran.com\/wp-content\/uploads\/2023\/12\/FB_IMG_1697806472575-200x300.jpg 200w, https:\/\/levangilealecran.com\/wp-content\/uploads\/2023\/12\/FB_IMG_1697806472575-100x150.jpg 100w\" sizes=\"auto, (max-width: 533px) 100vw, 533px\" \/><\/a><figcaption>Photo transmise par Thierry Monfort \u00a9 Naples<\/figcaption><\/figure>\n\n\n\n<p class=\"wp-block-paragraph\"><strong>&gt; No\u00ebl c&rsquo;est la venue d&rsquo;un enfant de lumi\u00e8re dans notre monde rabougri et obscur.<\/strong><\/p>\n\n\n\n<p class=\"wp-block-paragraph\"><strong>C&rsquo;est le pouvoir d&rsquo;\u00eatre remis en lien avec un Dieu P\u00e8re qu&rsquo;un ange me d\u00e9signe m\u00eame au fond de mes ruelles int\u00e9rieures les plus glauques.<\/strong><\/p>\n\n\n\n<p class=\"wp-block-paragraph\"><strong>C&rsquo;est la joie toujours recommenc\u00e9e de d\u00e9busquer la lumi\u00e8re du Christ au creux de mon coeur: aujourd&rsquo;hui un Sauveur vous est n\u00e9, le Fils vous est donn\u00e9 !<\/strong><\/p>\n\n\n\n<p class=\"wp-block-paragraph\"><strong>Joyeux No\u00ebl !<\/strong><br>(Photo transmise par Thierry Monfort \u00a9 Naples)<\/p>\n","protected":false},"excerpt":{"rendered":"<p>\u00ab\u00a0Mais \u00e0 tous ceux qui ont re\u00e7u cette lumi\u00e8re, \u00e0 ceux qui croient en son nom, elle a donn\u00e9 le pouvoir de devenir enfants de Dieu.\u00a0\u00bb Jean 1,12 &gt; No\u00ebl c&rsquo;est la venue d&rsquo;un enfant de lumi\u00e8re dans notre monde rabougri et obscur. C&rsquo;est le pouvoir d&rsquo;\u00eatre remis en lien avec un Dieu P\u00e8re qu&rsquo;un ange me d\u00e9signe m\u00eame au fond de mes ruelles int\u00e9rieures les plus glauques. C&rsquo;est la joie toujours recommenc\u00e9e de d\u00e9busquer la lumi\u00e8re du Christ au creux de mon coeur: aujourd&rsquo;hui un Sauveur vous est n\u00e9, le Fils vous est donn\u00e9 ! Joyeux No\u00ebl !(Photo transmise par Thierry Monfort \u00a9 Naples)<\/p>\n","protected":false},"author":2006,"featured_media":0,"comment_status":"open","ping_status":"open","sticky":false,"template":"","format":"standard","meta":{"footnotes":""},"categories":[4,24,5,201],"tags":[780,237,346,435,272,13],"class_list":["post-2932","post","type-post","status-publish","format-standard","hentry","category-dimanche","category-fetes","category-jean","category-noel","tag-fils","tag-lumiere","tag-nativite","tag-noel","tag-pere","tag-sauveur"],"_links":{"self":[{"href":"https:\/\/levangilealecran.com\/index.php?rest_route=\/wp\/v2\/posts\/2932","targetHints":{"allow":["GET"]}}],"collection":[{"href":"https:\/\/levangilealecran.com\/index.php?rest_route=\/wp\/v2\/posts"}],"about":[{"href":"https:\/\/levangilealecran.com\/index.php?rest_route=\/wp\/v2\/types\/post"}],"author":[{"embeddable":true,"href":"https:\/\/levangilealecran.com\/index.php?rest_route=\/wp\/v2\/users\/2006"}],"replies":[{"embeddable":true,"href":"https:\/\/levangilealecran.com\/index.php?rest_route=%2Fwp%2Fv2%2Fcomments&post=2932"}],"version-history":[{"count":2,"href":"https:\/\/levangilealecran.com\/index.php?rest_route=\/wp\/v2\/posts\/2932\/revisions"}],"predecessor-version":[{"id":2936,"href":"https:\/\/levangilealecran.com\/index.php?rest_route=\/wp\/v2\/posts\/2932\/revisions\/2936"}],"wp:attachment":[{"href":"https:\/\/levangilealecran.com\/index.php?rest_route=%2Fwp%2Fv2%2Fmedia&parent=2932"}],"wp:term":[{"taxonomy":"category","embeddable":true,"href":"https:\/\/levangilealecran.com\/index.php?rest_route=%2Fwp%2Fv2%2Fcategories&post=2932"},{"taxonomy":"post_tag","embeddable":true,"href":"https:\/\/levangilealecran.com\/index.php?rest_route=%2Fwp%2Fv2%2Ftags&post=2932"}],"curies":[{"name":"wp","href":"https:\/\/api.w.org\/{rel}","templated":true}]}}