{"id":2927,"date":"2023-12-15T08:00:00","date_gmt":"2023-12-15T07:00:00","guid":{"rendered":"https:\/\/levangilealecran.com\/?p=2927"},"modified":"2023-12-14T11:35:11","modified_gmt":"2023-12-14T10:35:11","slug":"3e-dimanche-de-lavent-b-17-decembre-2023","status":"publish","type":"post","link":"https:\/\/levangilealecran.com\/?p=2927","title":{"rendered":"3e dimanche de l\u2019Avent  &#8211; B &#8211; 17 d\u00e9cembre 2023"},"content":{"rendered":"\n<blockquote class=\"wp-block-quote is-layout-flow wp-block-quote-is-layout-flow\"><p>\u00ab\u00a0Qui es-tu ?\u00a0\u00bb<\/p><cite>Jn 1,19<\/cite><\/blockquote>\n\n\n\n<figure class=\"wp-block-image size-full\"><a href=\"https:\/\/levangilealecran.com\/wp-content\/uploads\/2023\/12\/Guerin.png\"><img loading=\"lazy\" decoding=\"async\" width=\"242\" height=\"243\" src=\"https:\/\/levangilealecran.com\/wp-content\/uploads\/2023\/12\/Guerin.png\" alt=\"\" class=\"wp-image-2929\" srcset=\"https:\/\/levangilealecran.com\/wp-content\/uploads\/2023\/12\/Guerin.png 242w, https:\/\/levangilealecran.com\/wp-content\/uploads\/2023\/12\/Guerin-150x150.png 150w, https:\/\/levangilealecran.com\/wp-content\/uploads\/2023\/12\/Guerin-149x150.png 149w\" sizes=\"auto, (max-width: 242px) 100vw, 242px\" \/><\/a><\/figure>\n\n\n\n<p class=\"wp-block-paragraph\"><strong>> Oui, qui est-il, cet homme dans le d\u00e9sert ? Dans son Prologue, l\u2019\u00e9vang\u00e9liste Jean nous pr\u00e9sente Jean le Pr\u00e9curseur comme un homme envoy\u00e9 par Dieu, pr\u00e9cisant que \u00ab cet homme n\u2019\u00e9tait pas la Lumi\u00e8re, mais il \u00e9tait l\u00e0 pour rendre t\u00e9moignage \u00e0 la Lumi\u00e8re \u00bb. Plus tard, interrog\u00e9 sur son identit\u00e9, Jean Baptiste affirme qu\u2019il n\u2019est pas le Christ, ni quelque proph\u00e8te, mais simplement la voix de celui qui crie dans le d\u00e9sert.<\/strong><\/p>\n\n\n\n<p class=\"wp-block-paragraph\"><strong><em>Rendre t\u00e9moignage \u00e0 la Lumi\u00e8re, \u00eatre la voix qui annonce le Sauveur<\/em>, cela pourrait \u00eatre notre programme pour les quelques jours qui nous s\u00e9parent de No\u00ebl :<\/strong><\/p>\n\n\n\n<ul class=\"wp-block-list\"><li><strong>Avoir en nous assez de lumi\u00e8re pour baliser le chemin de ceux qui cherchent un sens \u00e0 No\u00ebl. Laisser transpara\u00eetre en nous la Lumi\u00e8re du Christ quand notre prochain t\u00e2tonne dans l\u2019obscurit\u00e9 qui lui semble sans issue.<\/strong><\/li><li><strong>Etre une voix qui indique des perspectives de paix, de confiance et d\u2019esp\u00e9rance ; une voix qui fait d\u00e9couvrir ce qu\u2019il y a de beau, de bon, malgr\u00e9 les temps difficiles ; une voix qui dit \u00ab tu es aim\u00e9 \u00bb.<\/strong><\/li><\/ul>\n\n\n\n<p class=\"wp-block-paragraph\"><strong>Bient\u00f4t, nous entendrons la voix, nous verrons la Lumi\u00e8re de Celui qui se tient au milieu de nous, et que nous ne connaissons pas encore : Il comblera nos attentes.<\/strong><\/p>\n","protected":false},"excerpt":{"rendered":"<p>\u00ab\u00a0Qui es-tu ?\u00a0\u00bb Jn 1,19 > Oui, qui est-il, cet homme dans le d\u00e9sert ? Dans son Prologue, l\u2019\u00e9vang\u00e9liste Jean nous pr\u00e9sente Jean le Pr\u00e9curseur comme un homme envoy\u00e9 par Dieu, pr\u00e9cisant que \u00ab cet homme n\u2019\u00e9tait pas la Lumi\u00e8re, mais il \u00e9tait l\u00e0 pour rendre t\u00e9moignage \u00e0 la Lumi\u00e8re \u00bb. Plus tard, interrog\u00e9 sur son identit\u00e9, Jean Baptiste affirme qu\u2019il n\u2019est pas le Christ, ni quelque proph\u00e8te, mais simplement la voix de celui qui crie dans le d\u00e9sert. Rendre t\u00e9moignage \u00e0 la Lumi\u00e8re, \u00eatre la voix qui annonce le Sauveur, cela pourrait \u00eatre notre programme pour les quelques jours qui nous s\u00e9parent de No\u00ebl : Avoir en nous assez \u2026 <a class=\"continue-reading-link\" href=\"https:\/\/levangilealecran.com\/?p=2927\"> Continue reading <span class=\"meta-nav\">&rarr; <\/span><\/a><\/p>\n","protected":false},"author":2006,"featured_media":0,"comment_status":"open","ping_status":"open","sticky":false,"template":"","format":"standard","meta":{"footnotes":""},"categories":[147,4,5],"tags":[71,50,237],"class_list":["post-2927","post","type-post","status-publish","format-standard","hentry","category-avent-2","category-dimanche","category-jean","tag-attente","tag-esperance","tag-lumiere"],"_links":{"self":[{"href":"https:\/\/levangilealecran.com\/index.php?rest_route=\/wp\/v2\/posts\/2927","targetHints":{"allow":["GET"]}}],"collection":[{"href":"https:\/\/levangilealecran.com\/index.php?rest_route=\/wp\/v2\/posts"}],"about":[{"href":"https:\/\/levangilealecran.com\/index.php?rest_route=\/wp\/v2\/types\/post"}],"author":[{"embeddable":true,"href":"https:\/\/levangilealecran.com\/index.php?rest_route=\/wp\/v2\/users\/2006"}],"replies":[{"embeddable":true,"href":"https:\/\/levangilealecran.com\/index.php?rest_route=%2Fwp%2Fv2%2Fcomments&post=2927"}],"version-history":[{"count":2,"href":"https:\/\/levangilealecran.com\/index.php?rest_route=\/wp\/v2\/posts\/2927\/revisions"}],"predecessor-version":[{"id":2931,"href":"https:\/\/levangilealecran.com\/index.php?rest_route=\/wp\/v2\/posts\/2927\/revisions\/2931"}],"wp:attachment":[{"href":"https:\/\/levangilealecran.com\/index.php?rest_route=%2Fwp%2Fv2%2Fmedia&parent=2927"}],"wp:term":[{"taxonomy":"category","embeddable":true,"href":"https:\/\/levangilealecran.com\/index.php?rest_route=%2Fwp%2Fv2%2Fcategories&post=2927"},{"taxonomy":"post_tag","embeddable":true,"href":"https:\/\/levangilealecran.com\/index.php?rest_route=%2Fwp%2Fv2%2Ftags&post=2927"}],"curies":[{"name":"wp","href":"https:\/\/api.w.org\/{rel}","templated":true}]}}