{"id":2923,"date":"2023-12-08T08:00:00","date_gmt":"2023-12-08T07:00:00","guid":{"rendered":"https:\/\/levangilealecran.com\/?p=2923"},"modified":"2023-12-07T19:56:41","modified_gmt":"2023-12-07T18:56:41","slug":"2e-dimanche-de-lavent-b-10-decembre-2023","status":"publish","type":"post","link":"https:\/\/levangilealecran.com\/?p=2923","title":{"rendered":"2e dimanche de l&rsquo;Avent &#8211; B &#8211; 10 d\u00e9cembre 2023"},"content":{"rendered":"\n<blockquote class=\"wp-block-quote is-layout-flow wp-block-quote-is-layout-flow\"><p>\u00ab Moi, je vous ai baptis\u00e9s avec de l\u2019eau ;lui vous baptisera dans l\u2019Esprit Saint. \u00bb<\/p><cite>Marc 1,8<\/cite><\/blockquote>\n\n\n\n<figure class=\"wp-block-image size-large\"><a href=\"https:\/\/levangilealecran.com\/wp-content\/uploads\/2023\/12\/887004e92e248b9fed806b8dcbec5edb.jpg\"><img loading=\"lazy\" decoding=\"async\" width=\"1024\" height=\"684\" src=\"https:\/\/levangilealecran.com\/wp-content\/uploads\/2023\/12\/887004e92e248b9fed806b8dcbec5edb-1024x684.jpg\" alt=\"\" class=\"wp-image-2924\" srcset=\"https:\/\/levangilealecran.com\/wp-content\/uploads\/2023\/12\/887004e92e248b9fed806b8dcbec5edb-1024x684.jpg 1024w, https:\/\/levangilealecran.com\/wp-content\/uploads\/2023\/12\/887004e92e248b9fed806b8dcbec5edb-300x200.jpg 300w, https:\/\/levangilealecran.com\/wp-content\/uploads\/2023\/12\/887004e92e248b9fed806b8dcbec5edb-768x513.jpg 768w, https:\/\/levangilealecran.com\/wp-content\/uploads\/2023\/12\/887004e92e248b9fed806b8dcbec5edb-1536x1026.jpg 1536w, https:\/\/levangilealecran.com\/wp-content\/uploads\/2023\/12\/887004e92e248b9fed806b8dcbec5edb-150x100.jpg 150w, https:\/\/levangilealecran.com\/wp-content\/uploads\/2023\/12\/887004e92e248b9fed806b8dcbec5edb-225x150.jpg 225w, https:\/\/levangilealecran.com\/wp-content\/uploads\/2023\/12\/887004e92e248b9fed806b8dcbec5edb-1320x881.jpg 1320w, https:\/\/levangilealecran.com\/wp-content\/uploads\/2023\/12\/887004e92e248b9fed806b8dcbec5edb.jpg 1697w\" sizes=\"auto, (max-width: 1024px) 100vw, 1024px\" \/><\/a><\/figure>\n\n\n\n<p class=\"wp-block-paragraph\"><strong>> C\u2019est Jean le Baptiste qui s\u2019exprime ici, parlant de J\u00e9sus. Le Baptiste est l\u2019une des figures du temps de l\u2019Avent, pr\u00e9parant \u00e0 sa mani\u00e8re le chemin de Celui qui va venir.<\/strong><\/p>\n\n\n\n<p class=\"wp-block-paragraph\"><strong>> Le bapt\u00eame non seulement d\u2019eau mais \u00e9galement d\u2019Esprit est celui que nous recevons, comme Chr\u00e9tiens. Une marque inali\u00e9nable, donn\u00e9e une fois pour toute la vie. Mais qu\u2019en faisons-nous ensuite ?<\/strong><\/p>\n\n\n\n<p class=\"wp-block-paragraph\"><strong>> Le bapt\u00eame m\u00e9rite d\u2019\u00eatre r\u00e9activ\u00e9 r\u00e9guli\u00e8rement, nourri, entretenu. Cela se fait par la pri\u00e8re, par la vie de foi, par la pratique en communaut\u00e9, toutes choses qui sentent bon l\u2019Avent tout autant que les parfums de mandarine et de bougie. Alors, on active ?<\/strong><\/p>\n","protected":false},"excerpt":{"rendered":"<p>\u00ab Moi, je vous ai baptis\u00e9s avec de l\u2019eau ;lui vous baptisera dans l\u2019Esprit Saint. \u00bb Marc 1,8 > C\u2019est Jean le Baptiste qui s\u2019exprime ici, parlant de J\u00e9sus. Le Baptiste est l\u2019une des figures du temps de l\u2019Avent, pr\u00e9parant \u00e0 sa mani\u00e8re le chemin de Celui qui va venir. > Le bapt\u00eame non seulement d\u2019eau mais \u00e9galement d\u2019Esprit est celui que nous recevons, comme Chr\u00e9tiens. Une marque inali\u00e9nable, donn\u00e9e une fois pour toute la vie. Mais qu\u2019en faisons-nous ensuite ? > Le bapt\u00eame m\u00e9rite d\u2019\u00eatre r\u00e9activ\u00e9 r\u00e9guli\u00e8rement, nourri, entretenu. Cela se fait par la pri\u00e8re, par la vie de foi, par la pratique en communaut\u00e9, toutes choses qui sentent \u2026 <a class=\"continue-reading-link\" href=\"https:\/\/levangilealecran.com\/?p=2923\"> Continue reading <span class=\"meta-nav\">&rarr; <\/span><\/a><\/p>\n","protected":false},"author":2006,"featured_media":0,"comment_status":"open","ping_status":"open","sticky":false,"template":"","format":"standard","meta":{"footnotes":""},"categories":[147,4,7],"tags":[18,226,169,31,947],"class_list":["post-2923","post","type-post","status-publish","format-standard","hentry","category-avent-2","category-dimanche","category-marc","tag-avent","tag-bapteme","tag-jean-baptiste","tag-priere","tag-vie-de-foi"],"_links":{"self":[{"href":"https:\/\/levangilealecran.com\/index.php?rest_route=\/wp\/v2\/posts\/2923","targetHints":{"allow":["GET"]}}],"collection":[{"href":"https:\/\/levangilealecran.com\/index.php?rest_route=\/wp\/v2\/posts"}],"about":[{"href":"https:\/\/levangilealecran.com\/index.php?rest_route=\/wp\/v2\/types\/post"}],"author":[{"embeddable":true,"href":"https:\/\/levangilealecran.com\/index.php?rest_route=\/wp\/v2\/users\/2006"}],"replies":[{"embeddable":true,"href":"https:\/\/levangilealecran.com\/index.php?rest_route=%2Fwp%2Fv2%2Fcomments&post=2923"}],"version-history":[{"count":1,"href":"https:\/\/levangilealecran.com\/index.php?rest_route=\/wp\/v2\/posts\/2923\/revisions"}],"predecessor-version":[{"id":2925,"href":"https:\/\/levangilealecran.com\/index.php?rest_route=\/wp\/v2\/posts\/2923\/revisions\/2925"}],"wp:attachment":[{"href":"https:\/\/levangilealecran.com\/index.php?rest_route=%2Fwp%2Fv2%2Fmedia&parent=2923"}],"wp:term":[{"taxonomy":"category","embeddable":true,"href":"https:\/\/levangilealecran.com\/index.php?rest_route=%2Fwp%2Fv2%2Fcategories&post=2923"},{"taxonomy":"post_tag","embeddable":true,"href":"https:\/\/levangilealecran.com\/index.php?rest_route=%2Fwp%2Fv2%2Ftags&post=2923"}],"curies":[{"name":"wp","href":"https:\/\/api.w.org\/{rel}","templated":true}]}}