{"id":2916,"date":"2023-12-01T08:00:00","date_gmt":"2023-12-01T07:00:00","guid":{"rendered":"https:\/\/levangilealecran.com\/?p=2916"},"modified":"2023-11-30T17:18:46","modified_gmt":"2023-11-30T16:18:46","slug":"1er-dimanche-de-lavent-b-3-decembre-2023","status":"publish","type":"post","link":"https:\/\/levangilealecran.com\/?p=2916","title":{"rendered":"1er dimanche de l\u2019Avent &#8211; B &#8211; 3 d\u00e9cembre 2023"},"content":{"rendered":"\n<blockquote class=\"wp-block-quote is-layout-flow wp-block-quote-is-layout-flow\"><p>\u00ab\u00a0\u2026et il commanda au portier de veiller.\u00a0\u00bb<\/p><cite>Marc 13, 34<\/cite><\/blockquote>\n\n\n\n<figure class=\"wp-block-image size-large\"><a href=\"https:\/\/levangilealecran.com\/wp-content\/uploads\/2023\/11\/butterfly-5475510-scaled.jpg\"><img loading=\"lazy\" decoding=\"async\" width=\"1024\" height=\"700\" src=\"https:\/\/levangilealecran.com\/wp-content\/uploads\/2023\/11\/butterfly-5475510-1024x700.jpg\" alt=\"\" class=\"wp-image-2917\" srcset=\"https:\/\/levangilealecran.com\/wp-content\/uploads\/2023\/11\/butterfly-5475510-1024x700.jpg 1024w, https:\/\/levangilealecran.com\/wp-content\/uploads\/2023\/11\/butterfly-5475510-300x205.jpg 300w, https:\/\/levangilealecran.com\/wp-content\/uploads\/2023\/11\/butterfly-5475510-768x525.jpg 768w, https:\/\/levangilealecran.com\/wp-content\/uploads\/2023\/11\/butterfly-5475510-1536x1051.jpg 1536w, https:\/\/levangilealecran.com\/wp-content\/uploads\/2023\/11\/butterfly-5475510-2048x1401.jpg 2048w, https:\/\/levangilealecran.com\/wp-content\/uploads\/2023\/11\/butterfly-5475510-150x103.jpg 150w, https:\/\/levangilealecran.com\/wp-content\/uploads\/2023\/11\/butterfly-5475510-219x150.jpg 219w, https:\/\/levangilealecran.com\/wp-content\/uploads\/2023\/11\/butterfly-5475510-1320x903.jpg 1320w\" sizes=\"auto, (max-width: 1024px) 100vw, 1024px\" \/><\/a><figcaption>Un papillon Portier<\/figcaption><\/figure>\n\n\n\n<p class=\"wp-block-paragraph\"><span style=\"text-decoration: underline;\"><strong>PORTIER ?<\/strong><\/span><\/p>\n\n\n\n<p class=\"wp-block-paragraph\"><strong>&gt; J\u00e9sus entreprend de donner un exemple de la bonne attitude dans l\u2019attente de sa venue. Il le fait de mani\u00e8re \u00e9trange en \u00e9voquant un ma\u00eetre qui part sans pr\u00e9ciser de date de retour. L\u2019homme fixe des t\u00e2ches \u00e0 chacun de ses serviteurs, mais c\u2019est au portier seul qu\u2019il demande de veiller (v. 34). Or, J\u00e9sus a commenc\u00e9 son propos par un \u00ab Prenez garde, veillez et priez \u00bb (v. 33) lanc\u00e9 \u00e0 la cantonade, visant tout un chacun.<\/strong><\/p>\n\n\n\n<p class=\"wp-block-paragraph\"><strong>Se serait-il ravis\u00e9 ? Aurait-il d\u00e9cid\u00e9 de ne faire veiller qu\u2019un heureux \u00e9lu \u2013 le portier \u2013 ? Certes pas ! J\u00e9sus redit une nouvelle fois un ordre adress\u00e9 \u00e0 tous : \u00abVeillez donc \u00bb (v.35).<\/strong><\/p>\n\n\n\n<p class=\"wp-block-paragraph\"><strong>Alors tous portiers ? Je le crois. Le portier, n\u2019est-il pas celui qui connait bien la maison et qui est en mesure de donner des renseignements \u00e0 toute personne qui se pr\u00e9sente \u00e0 la porte ? N\u2019est-il pas celui qui, au besoin, donne l\u2019alerte en cas de visite ind\u00e9sirable (voir 1 Pierre 5, 8) ? Soyons pr\u00eats \u00e0 renseigner les personnes qui se pr\u00e9sentent \u00e0 la porte. Cette activit\u00e9 nous tiendra en \u00e9veil en attendant le retour de notre Sauveur.<\/strong><\/p>\n","protected":false},"excerpt":{"rendered":"<p>\u00ab\u00a0\u2026et il commanda au portier de veiller.\u00a0\u00bb Marc 13, 34 PORTIER ? &gt; J\u00e9sus entreprend de donner un exemple de la bonne attitude dans l\u2019attente de sa venue. Il le fait de mani\u00e8re \u00e9trange en \u00e9voquant un ma\u00eetre qui part sans pr\u00e9ciser de date de retour. L\u2019homme fixe des t\u00e2ches \u00e0 chacun de ses serviteurs, mais c\u2019est au portier seul qu\u2019il demande de veiller (v. 34). Or, J\u00e9sus a commenc\u00e9 son propos par un \u00ab Prenez garde, veillez et priez \u00bb (v. 33) lanc\u00e9 \u00e0 la cantonade, visant tout un chacun. Se serait-il ravis\u00e9 ? Aurait-il d\u00e9cid\u00e9 de ne faire veiller qu\u2019un heureux \u00e9lu \u2013 le portier \u2013 ? Certes \u2026 <a class=\"continue-reading-link\" href=\"https:\/\/levangilealecran.com\/?p=2916\"> Continue reading <span class=\"meta-nav\">&rarr; <\/span><\/a><\/p>\n","protected":false},"author":2006,"featured_media":0,"comment_status":"open","ping_status":"open","sticky":false,"template":"","format":"standard","meta":{"footnotes":""},"categories":[147,4,7,1],"tags":[71,806,150],"class_list":["post-2916","post","type-post","status-publish","format-standard","hentry","category-avent-2","category-dimanche","category-marc","category-sanscategorie","tag-attente","tag-portier","tag-veiller"],"_links":{"self":[{"href":"https:\/\/levangilealecran.com\/index.php?rest_route=\/wp\/v2\/posts\/2916","targetHints":{"allow":["GET"]}}],"collection":[{"href":"https:\/\/levangilealecran.com\/index.php?rest_route=\/wp\/v2\/posts"}],"about":[{"href":"https:\/\/levangilealecran.com\/index.php?rest_route=\/wp\/v2\/types\/post"}],"author":[{"embeddable":true,"href":"https:\/\/levangilealecran.com\/index.php?rest_route=\/wp\/v2\/users\/2006"}],"replies":[{"embeddable":true,"href":"https:\/\/levangilealecran.com\/index.php?rest_route=%2Fwp%2Fv2%2Fcomments&post=2916"}],"version-history":[{"count":3,"href":"https:\/\/levangilealecran.com\/index.php?rest_route=\/wp\/v2\/posts\/2916\/revisions"}],"predecessor-version":[{"id":2920,"href":"https:\/\/levangilealecran.com\/index.php?rest_route=\/wp\/v2\/posts\/2916\/revisions\/2920"}],"wp:attachment":[{"href":"https:\/\/levangilealecran.com\/index.php?rest_route=%2Fwp%2Fv2%2Fmedia&parent=2916"}],"wp:term":[{"taxonomy":"category","embeddable":true,"href":"https:\/\/levangilealecran.com\/index.php?rest_route=%2Fwp%2Fv2%2Fcategories&post=2916"},{"taxonomy":"post_tag","embeddable":true,"href":"https:\/\/levangilealecran.com\/index.php?rest_route=%2Fwp%2Fv2%2Ftags&post=2916"}],"curies":[{"name":"wp","href":"https:\/\/api.w.org\/{rel}","templated":true}]}}