{"id":2913,"date":"2023-11-24T08:00:00","date_gmt":"2023-11-24T07:00:00","guid":{"rendered":"https:\/\/levangilealecran.com\/?p=2913"},"modified":"2023-11-21T12:03:49","modified_gmt":"2023-11-21T11:03:49","slug":"dimanche-du-christ-roi-a-26-novembre-2023","status":"publish","type":"post","link":"https:\/\/levangilealecran.com\/?p=2913","title":{"rendered":"Dimanche du Christ Roi &#8211; A &#8211; 26 novembre 2023"},"content":{"rendered":"\n<blockquote class=\"wp-block-quote is-layout-flow wp-block-quote-is-layout-flow\"><p>\u00ab J\u2019ai eu faim et vous m\u2019avez donn\u00e9 \u00e0 manger\u2026 \u00bb<\/p><cite>Mat 25,35<\/cite><\/blockquote>\n\n\n\n<figure class=\"wp-block-image size-full\"><a href=\"https:\/\/levangilealecran.com\/wp-content\/uploads\/2023\/11\/ImageEvEcr2023_11_26.jpg\"><img loading=\"lazy\" decoding=\"async\" width=\"600\" height=\"600\" src=\"https:\/\/levangilealecran.com\/wp-content\/uploads\/2023\/11\/ImageEvEcr2023_11_26.jpg\" alt=\"\" class=\"wp-image-2914\" srcset=\"https:\/\/levangilealecran.com\/wp-content\/uploads\/2023\/11\/ImageEvEcr2023_11_26.jpg 600w, https:\/\/levangilealecran.com\/wp-content\/uploads\/2023\/11\/ImageEvEcr2023_11_26-300x300.jpg 300w, https:\/\/levangilealecran.com\/wp-content\/uploads\/2023\/11\/ImageEvEcr2023_11_26-150x150.jpg 150w\" sizes=\"auto, (max-width: 600px) 100vw, 600px\" \/><\/a><\/figure>\n\n\n\n<p class=\"wp-block-paragraph\"><strong>> J\u00e9sus ici se pr\u00e9sente sous les traits de celui qui est dans le besoin. Il est dans le \u00ab petit \u00bb, celui qui a faim, celui qui a soif, celui qui est nu, celui qui est \u00e9tranger, celui qui est en prison. Il est donc dans notre prochain, mais aussi, symboliquement en nous : c\u2019est comme s\u2019il venait demeurer dans nos faims, nos soifs, nos nudit\u00e9s, nos \u00e9tranget\u00e9s, nos emprisonnements.<\/strong><\/p>\n\n\n\n<p class=\"wp-block-paragraph\"><strong>Bien s\u00fbr, ce passage est surtout un appel \u00e0 vivre la foi concr\u00e8tement. Une foi mise en action pour r\u00e9pondre aux besoins fondamentaux de l\u2019\u00eatre humain que sont manger, boire, \u00eatre accueilli, se v\u00eatir et \u00eatre visit\u00e9 (reconnu dans sa dignit\u00e9). Le faire gratuitement, par amour, par gr\u00e2ce.<\/strong><\/p>\n\n\n\n<p class=\"wp-block-paragraph\"><strong>Cette semaine, nous vous invitons donc \u00e0 un double mouvement. Int\u00e9rieur d\u2019abord, pour visiter vos faims, vos soifs, vos nudit\u00e9s, vos \u00e9tranget\u00e9s, vos emprisonnements. Et chercher \u00e0 discerner o\u00f9 le Christ demeure dans ces \u00ab petitesses \u00bb. Ext\u00e9rieur ensuite, pour faire un geste concret d\u2019amour du prochain : donner \u00e0 manger, \u00e0 boire, accueillir, v\u00eatir, visiter. Le Christ y sera, le verrez-vous ?<\/strong><\/p>\n\n\n\n<p class=\"wp-block-paragraph\"><\/p>\n","protected":false},"excerpt":{"rendered":"<p>\u00ab J\u2019ai eu faim et vous m\u2019avez donn\u00e9 \u00e0 manger\u2026 \u00bb Mat 25,35 > J\u00e9sus ici se pr\u00e9sente sous les traits de celui qui est dans le besoin. Il est dans le \u00ab petit \u00bb, celui qui a faim, celui qui a soif, celui qui est nu, celui qui est \u00e9tranger, celui qui est en prison. Il est donc dans notre prochain, mais aussi, symboliquement en nous : c\u2019est comme s\u2019il venait demeurer dans nos faims, nos soifs, nos nudit\u00e9s, nos \u00e9tranget\u00e9s, nos emprisonnements. Bien s\u00fbr, ce passage est surtout un appel \u00e0 vivre la foi concr\u00e8tement. Une foi mise en action pour r\u00e9pondre aux besoins fondamentaux de l\u2019\u00eatre humain \u2026 <a class=\"continue-reading-link\" href=\"https:\/\/levangilealecran.com\/?p=2913\"> Continue reading <span class=\"meta-nav\">&rarr; <\/span><\/a><\/p>\n","protected":false},"author":2006,"featured_media":0,"comment_status":"open","ping_status":"open","sticky":false,"template":"","format":"standard","meta":{"footnotes":""},"categories":[4,8],"tags":[805,53,944,942,945,941,292,946],"class_list":["post-2913","post","type-post","status-publish","format-standard","hentry","category-dimanche","category-matthieu","tag-agir","tag-christ","tag-etranger","tag-faim","tag-nu","tag-petit","tag-soif","tag-visiter"],"_links":{"self":[{"href":"https:\/\/levangilealecran.com\/index.php?rest_route=\/wp\/v2\/posts\/2913","targetHints":{"allow":["GET"]}}],"collection":[{"href":"https:\/\/levangilealecran.com\/index.php?rest_route=\/wp\/v2\/posts"}],"about":[{"href":"https:\/\/levangilealecran.com\/index.php?rest_route=\/wp\/v2\/types\/post"}],"author":[{"embeddable":true,"href":"https:\/\/levangilealecran.com\/index.php?rest_route=\/wp\/v2\/users\/2006"}],"replies":[{"embeddable":true,"href":"https:\/\/levangilealecran.com\/index.php?rest_route=%2Fwp%2Fv2%2Fcomments&post=2913"}],"version-history":[{"count":1,"href":"https:\/\/levangilealecran.com\/index.php?rest_route=\/wp\/v2\/posts\/2913\/revisions"}],"predecessor-version":[{"id":2915,"href":"https:\/\/levangilealecran.com\/index.php?rest_route=\/wp\/v2\/posts\/2913\/revisions\/2915"}],"wp:attachment":[{"href":"https:\/\/levangilealecran.com\/index.php?rest_route=%2Fwp%2Fv2%2Fmedia&parent=2913"}],"wp:term":[{"taxonomy":"category","embeddable":true,"href":"https:\/\/levangilealecran.com\/index.php?rest_route=%2Fwp%2Fv2%2Fcategories&post=2913"},{"taxonomy":"post_tag","embeddable":true,"href":"https:\/\/levangilealecran.com\/index.php?rest_route=%2Fwp%2Fv2%2Ftags&post=2913"}],"curies":[{"name":"wp","href":"https:\/\/api.w.org\/{rel}","templated":true}]}}