{"id":2905,"date":"2023-11-17T08:00:00","date_gmt":"2023-11-17T07:00:00","guid":{"rendered":"https:\/\/levangilealecran.com\/?p=2905"},"modified":"2023-11-16T22:31:24","modified_gmt":"2023-11-16T21:31:24","slug":"33e-dimanche-du-temps-ordinaire-a-19-novembre-2023","status":"publish","type":"post","link":"https:\/\/levangilealecran.com\/?p=2905","title":{"rendered":"33e dimanche du temps ordinaire \u2013 A \u2013 19 novembre 2023"},"content":{"rendered":"\n<blockquote class=\"wp-block-quote is-layout-flow wp-block-quote-is-layout-flow\"><p>\u00ab J\u2019ai eu peur, et je suis all\u00e9 cacher ton talent dans la terre. \u00bb<\/p><cite>(Matthieu 25, 25)<\/cite><\/blockquote>\n\n\n\n<figure class=\"wp-block-image size-full is-resized\"><a href=\"https:\/\/levangilealecran.com\/wp-content\/uploads\/2023\/11\/eale_mt2525-1.png\"><img loading=\"lazy\" decoding=\"async\" src=\"https:\/\/levangilealecran.com\/wp-content\/uploads\/2023\/11\/eale_mt2525-1.png\" alt=\"\" class=\"wp-image-2911\" width=\"600\" height=\"600\" srcset=\"https:\/\/levangilealecran.com\/wp-content\/uploads\/2023\/11\/eale_mt2525-1.png 1200w, https:\/\/levangilealecran.com\/wp-content\/uploads\/2023\/11\/eale_mt2525-1-300x300.png 300w, https:\/\/levangilealecran.com\/wp-content\/uploads\/2023\/11\/eale_mt2525-1-1024x1024.png 1024w, https:\/\/levangilealecran.com\/wp-content\/uploads\/2023\/11\/eale_mt2525-1-150x150.png 150w, https:\/\/levangilealecran.com\/wp-content\/uploads\/2023\/11\/eale_mt2525-1-768x768.png 768w\" sizes=\"auto, (max-width: 600px) 100vw, 600px\" \/><\/a><\/figure>\n\n\n\n<p class=\"wp-block-paragraph\"><strong>&gt; Dans ce passage de l&rsquo;\u00c9vangile selon saint Matthieu, nous sommes confront\u00e9s \u00e0 l&rsquo;angoisse paralysante d&rsquo;un serviteur qui a choisi d&rsquo;enfouir le talent que son ma\u00eetre lui avait confi\u00e9. Cette angoisse peut sembler famili\u00e8re \u00e0 beaucoup d&rsquo;entre nous. Il y a des moments o\u00f9 nous nous sentons d\u00e9pass\u00e9s par les d\u00e9fis de la vie, fatigu\u00e9s ou d\u00e9prim\u00e9s, et nous pouvons avoir l&rsquo;impression de ne pas avoir la force de faire fructifier les dons que nous avons re\u00e7us. L\u2019inaction et la peur peuvent nous emp\u00eacher de vivre pleinement notre vocation et de contribuer \u00e0 l\u2019\u00e9dification du Royaume de Dieu. Il est important de se rappeler que Dieu ne nous a pas donn\u00e9 un esprit de timidit\u00e9, mais un esprit de force, d&rsquo;amour et de sagesse<em> (2 Timoth\u00e9e 1,7)<\/em>.<br>&gt; Cette semaine, prions pour ceux et celles d&rsquo;entre nous qui se sentent accabl\u00e9s et incapables de voir leurs propres dons. Demandons \u00e0 l&rsquo;Esprit Saint de dissiper l&rsquo;angoisse et de nous donner la force de d\u00e9velopper et de r\u00e9aliser nos dons. N&rsquo;oublions pas que m\u00eame dans les moments les plus difficiles, Dieu est avec nous et nous donne la force de surmonter nos peurs. Que cette semaine soit une occasion de soutenir ceux qui sont dans le besoin, de les aider \u00e0 voir leurs propres dons et \u00e0 les faire fructifier ! Que le Seigneur vous b\u00e9nisse et vous garde. Amen.<\/strong><\/p>\n","protected":false},"excerpt":{"rendered":"<p>\u00ab J\u2019ai eu peur, et je suis all\u00e9 cacher ton talent dans la terre. \u00bb (Matthieu 25, 25) &gt; Dans ce passage de l&rsquo;\u00c9vangile selon saint Matthieu, nous sommes confront\u00e9s \u00e0 l&rsquo;angoisse paralysante d&rsquo;un serviteur qui a choisi d&rsquo;enfouir le talent que son ma\u00eetre lui avait confi\u00e9. Cette angoisse peut sembler famili\u00e8re \u00e0 beaucoup d&rsquo;entre nous. Il y a des moments o\u00f9 nous nous sentons d\u00e9pass\u00e9s par les d\u00e9fis de la vie, fatigu\u00e9s ou d\u00e9prim\u00e9s, et nous pouvons avoir l&rsquo;impression de ne pas avoir la force de faire fructifier les dons que nous avons re\u00e7us. L\u2019inaction et la peur peuvent nous emp\u00eacher de vivre pleinement notre vocation et de contribuer \u2026 <a class=\"continue-reading-link\" href=\"https:\/\/levangilealecran.com\/?p=2905\"> Continue reading <span class=\"meta-nav\">&rarr; <\/span><\/a><\/p>\n","protected":false},"author":2005,"featured_media":0,"comment_status":"open","ping_status":"open","sticky":false,"template":"","format":"standard","meta":{"footnotes":""},"categories":[4,8,1],"tags":[586,318],"class_list":["post-2905","post","type-post","status-publish","format-standard","hentry","category-dimanche","category-matthieu","category-sanscategorie","tag-peurs","tag-talents"],"_links":{"self":[{"href":"https:\/\/levangilealecran.com\/index.php?rest_route=\/wp\/v2\/posts\/2905","targetHints":{"allow":["GET"]}}],"collection":[{"href":"https:\/\/levangilealecran.com\/index.php?rest_route=\/wp\/v2\/posts"}],"about":[{"href":"https:\/\/levangilealecran.com\/index.php?rest_route=\/wp\/v2\/types\/post"}],"author":[{"embeddable":true,"href":"https:\/\/levangilealecran.com\/index.php?rest_route=\/wp\/v2\/users\/2005"}],"replies":[{"embeddable":true,"href":"https:\/\/levangilealecran.com\/index.php?rest_route=%2Fwp%2Fv2%2Fcomments&post=2905"}],"version-history":[{"count":4,"href":"https:\/\/levangilealecran.com\/index.php?rest_route=\/wp\/v2\/posts\/2905\/revisions"}],"predecessor-version":[{"id":2912,"href":"https:\/\/levangilealecran.com\/index.php?rest_route=\/wp\/v2\/posts\/2905\/revisions\/2912"}],"wp:attachment":[{"href":"https:\/\/levangilealecran.com\/index.php?rest_route=%2Fwp%2Fv2%2Fmedia&parent=2905"}],"wp:term":[{"taxonomy":"category","embeddable":true,"href":"https:\/\/levangilealecran.com\/index.php?rest_route=%2Fwp%2Fv2%2Fcategories&post=2905"},{"taxonomy":"post_tag","embeddable":true,"href":"https:\/\/levangilealecran.com\/index.php?rest_route=%2Fwp%2Fv2%2Ftags&post=2905"}],"curies":[{"name":"wp","href":"https:\/\/api.w.org\/{rel}","templated":true}]}}